{"id":19890,"date":"2017-05-02T19:38:58","date_gmt":"2017-05-02T17:38:58","guid":{"rendered":"http:\/\/www.area-press.eu\/comunicatistampa\/?p=19890"},"modified":"2017-05-02T19:38:58","modified_gmt":"2017-05-02T17:38:58","slug":"design-del-sistema-prodotto-servizio-per-la-sanita","status":"publish","type":"post","link":"https:\/\/www.area-press.eu\/comunicatistampa\/2017\/05\/02\/design-del-sistema-prodotto-servizio-per-la-sanita\/","title":{"rendered":"DESIGN DEL SISTEMA PRODOTTO SERVIZIO PER LA SANIT\u00c0"},"content":{"rendered":"<p><strong>L\u2019Healthcare al centro del nuovo Master POLI.design<\/strong><\/p>\n<p><strong>Disponibili agevolazioni alla frequenza entro il 20 giugno 2017<\/strong><\/p>\n<p>Inizier\u00e0 a <strong>settembre 2017<\/strong> il Master in <strong><em>Design del Sistema Prodotto Servizio per la Sanit\u00e0<\/em><\/strong> del <strong>Politecnico di Milano. <\/strong>Una novit\u00e0 assoluta nel catalogo <strong>POLI.design<\/strong>, ente gestore del Master, che apre cos\u00ec la propria offerta formativa al settore dell\u2019<strong>Healthcare<\/strong>.<\/p>\n<p>Una risposta concreta alle esigenze di un panorama internazionale sempre pi\u00f9 competitivo dove, alla progettazione di prodotti industriali per il settore sanitario, \u00e8 necessario accostare un sistema di servizi integrati che ne migliorino la qualit\u00e0. L\u2019obiettivo \u00e8 quindi quello di formare professionisti capaci di affrontare l\u2019iter progettuale e produttivo di <strong>servizi e dispositivi biomedici<\/strong> <strong>innovativi,<\/strong> <strong>efficaci e di elevato valore tecnologico e di <em>design<\/em><\/strong>.<\/p>\n<p><strong>Approccio <em>user centered<\/em><\/strong>, <strong>innovazione tecnologica<\/strong> e <strong>qualit\u00e0 espressiva<\/strong>. Queste le linee guida che gli <em>healthcare designers<\/em> dovranno seguire nella progettazione di prodotti \u2013 tangibili e intangibili \u2013 \u00a0a supporto delle diverse attivit\u00e0 cliniche: dalla <strong>diagnosi<\/strong> alla <strong>terapia<\/strong> fino alla <strong>riabilitazione<\/strong>.<\/p>\n<p>Il Master offre quindi una preparazione a 360\u00b0 grazie a insegnamenti altamente specialistici. Dal modulo in <strong>Design ed Ergonomia<\/strong> a quello dedicato alla conoscenza di standard e normative di riferimento, senza tralasciare l&#8217;apporto delle nuove tecnologie attraverso le quali <strong>progettare sistemi semplici o App <\/strong>con qualifica di dispositivo medico per <strong>servizi innovativi di monitoraggio o assistenza sanitaria<\/strong>.<\/p>\n<p>A supporto della preparazione teorica sono previsti un <strong>workshop progettuale di sviluppo di sistemi innovativi, visite a strutture sanitarie<\/strong> e uno <strong>stage<\/strong> <strong>in<\/strong> <strong>aziende<\/strong> <strong>o presso<\/strong> <strong>istituzioni del settore<\/strong>.<\/p>\n<p><strong>Le selezioni sono aperte<\/strong>: la I edizione del Master in <strong><em>Design del Sistema Prodotto Servizio per la Sanit\u00e0<\/em><\/strong> inizier\u00e0 a <strong>settembre 2017<\/strong>. Il Master \u00e8 rivolto a candidati in possesso di Diploma universitario o Laurea V.O., Laurea o Laurea Specialistica\/Magistrale N.O. in Ingegneria, Architettura, Disegno Industriale che vogliano specializzarsi nel Design di prodotti-servizi per la sanit\u00e0.<\/p>\n<p><strong>Sono state istituite alcune agevolazioni alla frequenza<\/strong>.<\/p>\n<p>La deadline per richiedere uno degli esoneri \u00e8 il <strong>20 giugno 2017<\/strong>.<\/p>\n<p>Il regolamento \u00e8 disponibile all&#8217;indirizzo: <a href=\"http:\/\/polidesign.net\/it\/healthcare\">http:\/\/polidesign.net\/it\/healthcare<\/a><\/p>\n<p><strong>Per informazioni sulle modalit\u00e0 di selezione e iscrizione<\/strong> si prega di contattare l&#8217;Ufficio Formazione POLI.design:<\/p>\n<p>e mail:\u00a0formazione@polidesign.net, Tel. +39 02 2399 5911.<\/p>\n<p><strong>\u00a0<\/strong><\/p>\n<p><strong>\u00a0<\/strong><\/p>\n<p><strong>Press Contact:<\/strong><\/p>\n<p>Ufficio Comunicazione<\/p>\n<p>Tel. (+39) 0223997201<\/p>\n<p><a href=\"mailto:comunicazione@polidesign.net\">comunicazione@polidesign.net<\/a><\/p>\n","protected":false},"excerpt":{"rendered":"<p>L\u2019Healthcare al centro del nuovo Master POLI.design Disponibili agevolazioni alla frequenza entro il 20 giugno 2017 Inizier\u00e0 a settembre 2017 il Master in Design del Sistema Prodotto Servizio per la Sanit\u00e0 del Politecnico di Milano. Una novit\u00e0 assoluta nel catalogo POLI.design, ente gestore del Master, che apre cos\u00ec la propria offerta formativa al settore dell\u2019Healthcare. [&hellip;]<\/p>\n","protected":false},"author":129,"featured_media":0,"comment_status":"open","ping_status":"open","sticky":false,"template":"","format":"standard","meta":{"footnotes":""},"categories":[29],"tags":[4528,12790,1385,12793,5608,4228,12791,1478,6003,12792,3324,12794,1574],"class_list":["post-19890","post","type-post","status-publish","format-standard","hentry","category-comunicati","tag-imprese","tag-approccio-user-centered","tag-architettura","tag-disegno-industriale","tag-healthcare","tag-ingegneria","tag-innovazione-tecnologica","tag-poli-design","tag-politecnico-di-milano","tag-qualita-espressiva","tag-servizi","tag-settore-sanitario","tag-stage"],"_links":{"self":[{"href":"https:\/\/www.area-press.eu\/comunicatistampa\/wp-json\/wp\/v2\/posts\/19890","targetHints":{"allow":["GET"]}}],"collection":[{"href":"https:\/\/www.area-press.eu\/comunicatistampa\/wp-json\/wp\/v2\/posts"}],"about":[{"href":"https:\/\/www.area-press.eu\/comunicatistampa\/wp-json\/wp\/v2\/types\/post"}],"author":[{"embeddable":true,"href":"https:\/\/www.area-press.eu\/comunicatistampa\/wp-json\/wp\/v2\/users\/129"}],"replies":[{"embeddable":true,"href":"https:\/\/www.area-press.eu\/comunicatistampa\/wp-json\/wp\/v2\/comments?post=19890"}],"version-history":[{"count":1,"href":"https:\/\/www.area-press.eu\/comunicatistampa\/wp-json\/wp\/v2\/posts\/19890\/revisions"}],"predecessor-version":[{"id":19891,"href":"https:\/\/www.area-press.eu\/comunicatistampa\/wp-json\/wp\/v2\/posts\/19890\/revisions\/19891"}],"wp:attachment":[{"href":"https:\/\/www.area-press.eu\/comunicatistampa\/wp-json\/wp\/v2\/media?parent=19890"}],"wp:term":[{"taxonomy":"category","embeddable":true,"href":"https:\/\/www.area-press.eu\/comunicatistampa\/wp-json\/wp\/v2\/categories?post=19890"},{"taxonomy":"post_tag","embeddable":true,"href":"https:\/\/www.area-press.eu\/comunicatistampa\/wp-json\/wp\/v2\/tags?post=19890"}],"curies":[{"name":"wp","href":"https:\/\/api.w.org\/{rel}","templated":true}]}}