{"id":19864,"date":"2017-04-30T14:37:49","date_gmt":"2017-04-30T12:37:49","guid":{"rendered":"http:\/\/www.area-press.eu\/comunicatistampa\/?p=19864"},"modified":"2017-04-30T14:37:49","modified_gmt":"2017-04-30T12:37:49","slug":"coop-alleanza-3-0-investe-12-milioni-di-euro-per-un-nuovo-iper-green-a-formigine-mo","status":"publish","type":"post","link":"https:\/\/www.area-press.eu\/comunicatistampa\/2017\/04\/30\/coop-alleanza-3-0-investe-12-milioni-di-euro-per-un-nuovo-iper-green-a-formigine-mo\/","title":{"rendered":"Coop Alleanza 3.0 investe 12 milioni di euro per un nuovo iper &#8220;green&#8221; a Formigine (MO)"},"content":{"rendered":"<div id=\"txt_72\">\n<h1 class=\"Heading-1 P-2\"><span class=\"C-4\">La nuova struttura commerciale sostituisce il precedente supermercato. Nuova offerta e servizi per un investimento da 12 milioni di euro. \u00a0Soluzioni green per ridurre l\u2019impatto ambientale<\/span><\/h1>\n<\/div>\n<p><img loading=\"lazy\" decoding=\"async\" id=\"pic_970\" class=\"\" src=\"http:\/\/retailtrend.altervista.org\/wpimages\/wp270f7992_05_06.jpg\" alt=\"\" width=\"1181\" height=\"885\" \/><\/p>\n<div id=\"txt_510\">\n<p class=\"Body P-1\"><span class=\"C-2\">Formigine (Modena) &#8211; E\u2019 stato inaugurato a Formigine il nuovo ipercoop in Via San Giacomo, che sostituisce il precedente supermercato di Via Giardini 77.<\/span><\/p>\n<p class=\"Body P-1\"><span class=\"C-2\">Il nuovo punto di vendita di Coop Alleanza 3.0, si presenta pi\u00f9 ampio, del precedente, con una superficie di 4.000 metri quadrati. L\u2019obiettivo, \u00e8 quello di servire in modo pi\u00f9 completo e moderno, le esigenze di acquisto dei consumatori locali di Formigine (che conta oltre 10 mila soci).<\/span><\/p>\n<p class=\"Body P-1\"><span class=\"C-2\">Un investimento di oltre 12 milioni di euro, per una nuova struttura commerciale, che incrementa anche il numero degli addetti (passando dai 95 del precedente supermercato agli attuali 135 lavoratori).<\/span><\/p>\n<p class=\"Body P-1\"><span class=\"C-2\">Un percorso di spesa semplice e funzionale, guider\u00e0 il consumatore, agli acquisti, contando su una comunicazione chiara ed efficace rivolta ad un\u2019offerta completa ideale per una spesa settimanale, con una particolare attenzione ai prodotti e le specialit\u00e0 tipiche del territorio.<\/span><\/p>\n<\/div>\n<div id=\"txt_511\">\n<p class=\"Body P-1\"><span class=\"C-2\">Tra le novit\u00e0 introdotte nel layout del nuovo punto di vendita, il format \u201cLa buona pausa\u201d ,un punto ristoro da 84 posti a sedere, con un servizio bar e self-service per la prima colazione o uno spuntino veloce. Presente il punto \u201cOttica Coop\u201d, con un vasto assortimento di occhiali, assistito dalla presenza di ottici professionisti, che tra l\u2019altro, grazie ad attrezzature specializzate, possono eseguire test visivi gratuiti.<\/span><\/p>\n<p class=\"Body P-1\"><span class=\"C-2\">Non manca nemmeno un tocco di food esotico, con il reparto \u201cSushi Take\u201d, dove personale specializzato prepara e serve specialit\u00e0 di sushi fatte al momento. Tra tante specialit\u00e0, non poteva mancare, la declinazione verso le specialit\u00e0 del territorio, con il primo corner \u201cTerritori.Coop\u201d, uno spazio dove trovare in un ogni periodo dell\u2019anno, le eccellenze dei prodotti di tutte le regioni in cui \u00e8 presente la cooperativa, che \u00e8 stato suddiviso in tre macro aree: nord, centro e sud. All\u2019interno del quale sono presenti oltre 300 specialit\u00e0 di oltre 140 fornitori locali. Il progetto \u201cTerritori.Coop\u201d si collega poi allo spazio dell\u2019iniziativa \u201cSapori si parte\u201d, che porta il meglio dell\u2019enogastronomia italiana in tutti gli ipercoop.<\/span><\/p>\n<p class=\"Body P-1\"><span class=\"C-2\">Nuovi spazi nell\u2019 \u201cIsola dell\u2019Orto\u201d all\u2019interno del reparto ortofrutta, che propone ai clienti, uno spazio di lavorazione di frutta e verdura, dove saranno preparate pietanze pronte da gustare, anche all\u2019interno dell\u2019area dell\u2019ipercoop.<\/span><\/p>\n<\/div>\n<div id=\"txt_512\">\n<p class=\"Body P-1\"><span class=\"C-2\">Ancora tra le novit\u00e0 proposte, dall\u2019ipercoop di Formigine, lo spazio \u201cShow cooking, che si animer\u00e0 ogni fine settimana con eventi gastronomici con la proposta di vari men\u00f9 tematici e la \u201cCantina del grana\u201d, uno spazio dedicato alla vendita di Parmigiano reggiano e Grana.<\/span><\/p>\n<p class=\"Body P-1\"><span class=\"C-2\">A questi nuovi servizi si aggiunge anche il reparto \u201cCoop Salute\u201d, dove i clienti possono contare sulla professionalit\u00e0 dei farmacisti, pronti ad offrire supporto e consiglio per scegliere tra oltre 2.000 prodotti, tra cui farmaci senza obbligo di ricetta medica e parafarmaci, inclusi quelli a marchio Coop. Lo spazio ospita anche un\u2019offerta dedicata ai prodotti per la cura della persona.<\/span><\/p>\n<\/div>\n<p>&nbsp;<\/p>\n<div id=\"txt_513\">\n<p class=\"Body P-1\"><span class=\"C-2\">Grande attenzione per una superficie commerciale sempre pi\u00f9 \u201cgreen\u201d. L\u2019edificio \u00e8 stato progettato e realizzato con tecniche e accorgimenti, in grado di ridurre al minimo, l\u2019impatto ambientale.<\/span><\/p>\n<p class=\"Body P-1\"><span class=\"C-2\">Una struttura realizzata con materiali termoisolanti, dalla copertura in legno lamellare e completata da impianti particolarmente efficienti, che sono in grado di garantire consumi energetici inferiori rispetto a quelli di un negozio \u201ctradizionale\u201d.<\/span><\/p>\n<p class=\"Body P-1\"><span class=\"C-2\">I banchi frigo sono chiusi da sportelli e dotati di dispositivi per il recupero dell\u2019energia termica prodotta, che poi verr\u00e0 impiegata per l\u2019impianto di climatizzazione. Si \u00e8 privilegiato l\u2019illuminazione naturale, utilizzando \u201ctubi solari\u201d in grado di cogliere la la luce del sole. Mentre una parete interamente verde \u00e8 stata posizionata alle spalle delle casse per ridurre le emissioni di anidride carbonica.<\/span><\/p>\n<\/div>\n<p>&nbsp;<\/p>\n<div id=\"txt_514\">\n<p class=\"Body P-1\"><span class=\"C-2\">Per l\u2019illuminazione interna, si \u00e8 fatto ampio ricorso alle lampade al led. Sempre in tema di scelte eco-compatibili, il parcheggio interrato \u00e8 stato dipinto con una speciale vernice assorbi-emissioni.<\/span><\/p>\n<p class=\"Body P-1\"><span class=\"C-2\">Su una delle pareti esterne, grazie all\u2019albero del riciclo, i clienti possono conferire le bottiglie di plastica da riciclare e contribuire a trasformare questo impegno in carta ViviVerde, da regalare alle scuole.<\/span><\/p>\n<p class=\"Body P-1\"><span class=\"C-2\">L\u2019ipercoop dispone di una barriera di 18 casse (12 tradizionali e 6 fai-da-te). Il pdv rimane aperto dal lunedi al sabato dalle 7,30 alle 21. Mentre la domenica dalle ore 9 alle 20.<\/span><\/p>\n<p class=\"Body P-1\"><a href=\"http:\/\/retailtrend.altervista.org\/nuovo-iper-green-per-coop-alleanza-tre-punto-zero-a-formigine-modena.html\">RETAILTREND.IT<\/a><\/p>\n<\/div>\n","protected":false},"excerpt":{"rendered":"<p>La nuova struttura commerciale sostituisce il precedente supermercato. Nuova offerta e servizi per un investimento da 12 milioni di euro. \u00a0Soluzioni green per ridurre l\u2019impatto ambientale Formigine (Modena) &#8211; E\u2019 stato inaugurato a Formigine il nuovo ipercoop in Via San Giacomo, che sostituisce il precedente supermercato di Via Giardini 77. Il nuovo punto di vendita [&hellip;]<\/p>\n","protected":false},"author":4245,"featured_media":0,"comment_status":"open","ping_status":"open","sticky":false,"template":"","format":"standard","meta":{"footnotes":""},"categories":[29,7,9],"tags":[12769,12770,12772,12773,12775,12771,12774],"class_list":["post-19864","post","type-post","status-publish","format-standard","hentry","category-comunicati","category-economia-e-finanza","category-gastronomia","tag-coop-alleanza-3-0","tag-ipercoop-formigine-modena","tag-ottica-coop","tag-salute-coop","tag-sicrea-group","tag-soluzioni-green-per-il-retail","tag-territori-coop"],"_links":{"self":[{"href":"https:\/\/www.area-press.eu\/comunicatistampa\/wp-json\/wp\/v2\/posts\/19864","targetHints":{"allow":["GET"]}}],"collection":[{"href":"https:\/\/www.area-press.eu\/comunicatistampa\/wp-json\/wp\/v2\/posts"}],"about":[{"href":"https:\/\/www.area-press.eu\/comunicatistampa\/wp-json\/wp\/v2\/types\/post"}],"author":[{"embeddable":true,"href":"https:\/\/www.area-press.eu\/comunicatistampa\/wp-json\/wp\/v2\/users\/4245"}],"replies":[{"embeddable":true,"href":"https:\/\/www.area-press.eu\/comunicatistampa\/wp-json\/wp\/v2\/comments?post=19864"}],"version-history":[{"count":1,"href":"https:\/\/www.area-press.eu\/comunicatistampa\/wp-json\/wp\/v2\/posts\/19864\/revisions"}],"predecessor-version":[{"id":19865,"href":"https:\/\/www.area-press.eu\/comunicatistampa\/wp-json\/wp\/v2\/posts\/19864\/revisions\/19865"}],"wp:attachment":[{"href":"https:\/\/www.area-press.eu\/comunicatistampa\/wp-json\/wp\/v2\/media?parent=19864"}],"wp:term":[{"taxonomy":"category","embeddable":true,"href":"https:\/\/www.area-press.eu\/comunicatistampa\/wp-json\/wp\/v2\/categories?post=19864"},{"taxonomy":"post_tag","embeddable":true,"href":"https:\/\/www.area-press.eu\/comunicatistampa\/wp-json\/wp\/v2\/tags?post=19864"}],"curies":[{"name":"wp","href":"https:\/\/api.w.org\/{rel}","templated":true}]}}