{"id":1943,"date":"2015-09-10T14:17:11","date_gmt":"2015-09-10T12:17:11","guid":{"rendered":"http:\/\/www.area-press.eu\/comunicatistampa\/?p=1943"},"modified":"2015-09-10T14:17:11","modified_gmt":"2015-09-10T12:17:11","slug":"un-nuovo-punto-di-riferimento-nel-mondo-dellospitalita-a-milano-apre-lhotel-glam","status":"publish","type":"post","link":"https:\/\/www.area-press.eu\/comunicatistampa\/2015\/09\/10\/un-nuovo-punto-di-riferimento-nel-mondo-dellospitalita-a-milano-apre-lhotel-glam\/","title":{"rendered":"Un nuovo punto di riferimento nel mondo dell&#8217;ospitalit\u00e0 a Milano: apre l&#8217;hotel Glam"},"content":{"rendered":"<p>Un nuovo punto di riferimento nel mondo dell&#8217;ospitalit\u00e0 a Milano: apre l&#8217; <a href=\"http:\/\/www.glamhotelmilano.it\/\">hotel Glam <\/a>di fronte alla stazione Centrale<\/p>\n<p>Milano, 9 settembre 2015 &#8211; E&#8217; aperto al pubblico l&#8217;hotel Glam, la nuova struttura alberghiera e&#8217; dotata di 170 camere pi\u00f9 una favolosa Sky Suite all&#8217;ultimo piano. Un terrazzo panoramico di 300 metri quadrati\u00a0 con il pavimento rivestito in legno marino avvolge a 360 gradi la suite e la rende\u00a0 unica. Il panorama esclusivo che da l\u00ec si pu\u00f2 ammirare la pone come luogo ideale per creare\u00a0 occasioni speciali di incontro al centro di Milano.<\/p>\n<p>I nove piani dell&#8217;hotel Glam sono caratterizzati da colori diversi nei corridoi e le camere sono di diverse tipologie e grandezze adatte quindi a tutte le esigenze, sia per la coppia che cerca un hotel raffinato e facilmente raggiungibile, sia per chi viaggia per lavoro ed ha bisogno di spostarsi in treno e metropolitana, sia per chi cerca un comodo soggiorno in\u00a0 centro citt\u00e0 con la propria famiglia.<\/p>\n<p>L&#8217;edificio, di propriet\u00e0 di Reale Mutua Assicurazioni, \u00e8 stato realizzato utilizzando nuove tecnologie altamente performanti che permettono non solo grandi risparmi energetici\u00a0 ma che garantiscono un&#8217;alta qualit\u00e0 del soggiorno all&#8217;interno della struttura: il silenzio che si gode all&#8217;interno delle camere \u00e8 frutto, infatti, del complesso lavoro di insonorizzazione effettuato. Il traffico cittadino \u00e8 solo un &#8221; film muto &#8221; che si pu\u00f2 vedere attraverso le finestre panoramiche delle varie camere. I sistemi di gestione dell&#8217;aria, dell&#8217;acqua e della temperatura all&#8217;interno dell&#8217;edificio sono stati realizzati con l&#8217;utilizzo di fonti rinnovabili per rendere l&#8217;hotel eco-compatibile ma soprattutto per offrire l&#8217;esperienza di un soggiorno confortevole, raffinato ed unico a Milano nella tradizione della miglior ospitalit\u00e0 delle grandi citt\u00e0 europee.<\/p>\n<p>All&#8217;hotel si accede direttamente da piazza\u00a0 Duca d&#8217;Aosta, di fronte alla Stazione Centrale. Il bar, al piano terra, \u00e8\u00a0 caratterizzato da una parete con\u00a0 fontana di piccoli elefanti rossi sovrastata da una corona di spighe di grano, molto visibile attraverso le ampie vetrate che si propongono come una\u00a0 &#8220;interfaccia&#8221;\u00a0 tra la piazza ed il locale destinato a diventare un luogo\u00a0 &#8221; cool &#8221;\u00a0 di Milano.<\/p>\n<p>L&#8217;interior design di tutta la struttura \u00e8 stato curato dallo Studio Cibic ( Cibic &amp; Partners )\u00a0 che ha dato una impronta raffinata, originale e trendy. La particolare attenzione posta nel comfort delle camere \u00e8 stata mantenuta nella realizzazione della sala del ristorante e della prima colazione.<\/p>\n<p>Due\u00a0 sale meeting: una da 100 posti e l\u2019altra da 40, sono dotate di tutta la tecnologia necessaria per ospitare convegni ed esposizioni.<\/p>\n<p>L&#8217;ospitalit\u00e0 dell&#8217;hotel Glam, un quattro stelle innovativo nel design, \u00e8 fatta di piccole attenzioni, per questo tutto il personale dell&#8217;hotel, giovane ma esperto e molto professionale, pone al centro le esigenze del Cliente, la riservatezza, il comfort e la sicurezza per offrire un soggiorno al centro di Milano riservato ad un pubblico internazionale attento ed esigente.<\/p>\n<p>Il pay off della campagna di lancio dell&#8217;hotel \u00e8 &#8221; Be cool be Glam ! &#8221;<\/p>\n<p>&nbsp;<\/p>\n","protected":false},"excerpt":{"rendered":"<p>Un nuovo punto di riferimento nel mondo dell&#8217;ospitalit\u00e0 a Milano: apre l&#8217; hotel Glam di fronte alla stazione Centrale Milano, 9 settembre 2015 &#8211; E&#8217; aperto al pubblico l&#8217;hotel Glam, la nuova struttura alberghiera e&#8217; dotata di 170 camere pi\u00f9 una favolosa Sky Suite all&#8217;ultimo piano. Un terrazzo panoramico di 300 metri quadrati\u00a0 con il [&hellip;]<\/p>\n","protected":false},"author":76,"featured_media":0,"comment_status":"open","ping_status":"open","sticky":false,"template":"","format":"standard","meta":{"footnotes":""},"categories":[29],"tags":[1670,1669],"class_list":["post-1943","post","type-post","status-publish","format-standard","hentry","category-comunicati","tag-albergo-milano","tag-hotel-milano"],"_links":{"self":[{"href":"https:\/\/www.area-press.eu\/comunicatistampa\/wp-json\/wp\/v2\/posts\/1943","targetHints":{"allow":["GET"]}}],"collection":[{"href":"https:\/\/www.area-press.eu\/comunicatistampa\/wp-json\/wp\/v2\/posts"}],"about":[{"href":"https:\/\/www.area-press.eu\/comunicatistampa\/wp-json\/wp\/v2\/types\/post"}],"author":[{"embeddable":true,"href":"https:\/\/www.area-press.eu\/comunicatistampa\/wp-json\/wp\/v2\/users\/76"}],"replies":[{"embeddable":true,"href":"https:\/\/www.area-press.eu\/comunicatistampa\/wp-json\/wp\/v2\/comments?post=1943"}],"version-history":[{"count":1,"href":"https:\/\/www.area-press.eu\/comunicatistampa\/wp-json\/wp\/v2\/posts\/1943\/revisions"}],"predecessor-version":[{"id":1944,"href":"https:\/\/www.area-press.eu\/comunicatistampa\/wp-json\/wp\/v2\/posts\/1943\/revisions\/1944"}],"wp:attachment":[{"href":"https:\/\/www.area-press.eu\/comunicatistampa\/wp-json\/wp\/v2\/media?parent=1943"}],"wp:term":[{"taxonomy":"category","embeddable":true,"href":"https:\/\/www.area-press.eu\/comunicatistampa\/wp-json\/wp\/v2\/categories?post=1943"},{"taxonomy":"post_tag","embeddable":true,"href":"https:\/\/www.area-press.eu\/comunicatistampa\/wp-json\/wp\/v2\/tags?post=1943"}],"curies":[{"name":"wp","href":"https:\/\/api.w.org\/{rel}","templated":true}]}}