{"id":19356,"date":"2017-04-06T16:37:42","date_gmt":"2017-04-06T14:37:42","guid":{"rendered":"http:\/\/www.area-press.eu\/comunicatistampa\/?p=19356"},"modified":"2017-04-06T16:37:42","modified_gmt":"2017-04-06T14:37:42","slug":"una-nuova-veste-e-non-solo-di-vigna-dogariana","status":"publish","type":"post","link":"https:\/\/www.area-press.eu\/comunicatistampa\/2017\/04\/06\/una-nuova-veste-e-non-solo-di-vigna-dogariana\/","title":{"rendered":"Una nuova veste e non solo di \u201cVIGNA DOGARIANA\u201d"},"content":{"rendered":"<p>Vigna Dogarina, azienda storica di 100 Ettari nel panorama della produzione di qualit\u00e0 del Prosecco e dei vini e denominazione Venezia DOC, con sede a Salgareda, da pi\u00f9 di un quarto di secolo sulle tavole degli Italiani e non solo, da quest\u2019anno si presenter\u00e0 sotto una nuova veste.<\/p>\n<p>Per la prima volta, a Vinitaly saranno presentati i primi importantissimi frutti della nuova gestione. Infatti, dallo scorso Agosto \u00e8 totalmente controllata da uno dei pi\u00f9 importanti player del panorama vitivinicolo nazionale: VI.V.O. CANTINE, cooperativa ai vertici mondiali per le produzioni di Prosecco, Pinot Grigio e delle altre principali denominazioni del Veneto orientale (<a href=\"http:\/\/www.vivocantine.it\/\">www.vivocantine.it<\/a>)<\/p>\n<p>Al prossimo Vinitaly, che si terra a Verona dal 9 al 12 Aprile, sar\u00e0 presentato un restyling generale del brand e del packaging, frutto di uno studio approfondito in collaborazione con \u201cHangar Design Group\u201d, primaria realt\u00e0 italiana, e non solo, nel settore del marketing e della comunicazione.<\/p>\n<p>Il restyling dell\u2019immagine \u00e8 solo una delle tante novit\u00e0: la produzione del 2016 \u00e8 infatti il frutto di una nuova e sfidante collaborazione fra il team internazionale di enologi di Vi.v.o. Cantine e lo storico enologo dell\u2019azienda agricola. E questo sar\u00e0 solo l\u2019inizio delle importanti e ambiziose sfide che attendono l\u2019azienda agricola nel corso del 2017, che partiranno da uno sviluppo viticolo in collaborazione con l\u2019Universit\u00e0 di Padova, il Centro Ricerca in Viticoltura ed Enologia (Cirve) e altri importanti Centri di ricerca viticola, finalizzato a implementare criteri di coltivazione a bassissimo impatto ambientale, con nuovi e recenti mezzi di produzione, e avente l\u2019obiettivo di rispettare l\u2019ambiente e le persone che in esso ci vivono<\/p>\n<p>Nuove politiche di comunicazione e di marketing sono in fase di avvio e svolgimento allo scopo di dare al marchio una visione internazionale. Tutte queste novit\u00e0 hanno lo scopo di fare di Vigna Dogarina un biglietto da visita della grande qualit\u00e0 dei vini Veneti.<\/p>\n<p>Tutto il Team di Vigna Dogarina vi attende al padiglione 4 C 07.<\/p>\n<p>&nbsp;<\/p>\n<p><strong>Uff.Stampa<\/strong><\/p>\n<p><strong><em>Vigna Dogarina, <\/em><\/strong><\/p>\n<p>Vivo Agricola srl &#8211; Via Arzeri 35 Loc. Campodipietra 31040 Salgareda Treviso<\/p>\n<p><a href=\"mailto:info@vivoagricola.it\">info@vivoagricola.it<\/a> telefono 0422 80 41 29 <a href=\"http:\/\/www.vignadogarina.it\/\">www.vignadogarina.it<\/a> , www.villagrandavini.it<\/p>\n","protected":false},"excerpt":{"rendered":"<p>Vigna Dogarina, azienda storica di 100 Ettari nel panorama della produzione di qualit\u00e0 del Prosecco e dei vini e denominazione Venezia DOC, con sede a Salgareda, da pi\u00f9 di un quarto di secolo sulle tavole degli Italiani e non solo, da quest\u2019anno si presenter\u00e0 sotto una nuova veste. Per la prima volta, a Vinitaly saranno [&hellip;]<\/p>\n","protected":false},"author":4194,"featured_media":0,"comment_status":"open","ping_status":"open","sticky":false,"template":"","format":"standard","meta":{"footnotes":""},"categories":[29],"tags":[],"class_list":["post-19356","post","type-post","status-publish","format-standard","hentry","category-comunicati"],"_links":{"self":[{"href":"https:\/\/www.area-press.eu\/comunicatistampa\/wp-json\/wp\/v2\/posts\/19356","targetHints":{"allow":["GET"]}}],"collection":[{"href":"https:\/\/www.area-press.eu\/comunicatistampa\/wp-json\/wp\/v2\/posts"}],"about":[{"href":"https:\/\/www.area-press.eu\/comunicatistampa\/wp-json\/wp\/v2\/types\/post"}],"author":[{"embeddable":true,"href":"https:\/\/www.area-press.eu\/comunicatistampa\/wp-json\/wp\/v2\/users\/4194"}],"replies":[{"embeddable":true,"href":"https:\/\/www.area-press.eu\/comunicatistampa\/wp-json\/wp\/v2\/comments?post=19356"}],"version-history":[{"count":1,"href":"https:\/\/www.area-press.eu\/comunicatistampa\/wp-json\/wp\/v2\/posts\/19356\/revisions"}],"predecessor-version":[{"id":19357,"href":"https:\/\/www.area-press.eu\/comunicatistampa\/wp-json\/wp\/v2\/posts\/19356\/revisions\/19357"}],"wp:attachment":[{"href":"https:\/\/www.area-press.eu\/comunicatistampa\/wp-json\/wp\/v2\/media?parent=19356"}],"wp:term":[{"taxonomy":"category","embeddable":true,"href":"https:\/\/www.area-press.eu\/comunicatistampa\/wp-json\/wp\/v2\/categories?post=19356"},{"taxonomy":"post_tag","embeddable":true,"href":"https:\/\/www.area-press.eu\/comunicatistampa\/wp-json\/wp\/v2\/tags?post=19356"}],"curies":[{"name":"wp","href":"https:\/\/api.w.org\/{rel}","templated":true}]}}