{"id":19318,"date":"2017-04-05T21:54:40","date_gmt":"2017-04-05T19:54:40","guid":{"rendered":"http:\/\/www.area-press.eu\/comunicatistampa\/?p=19318"},"modified":"2017-04-05T21:54:40","modified_gmt":"2017-04-05T19:54:40","slug":"a-bologna-e-nata-oggi-convergo-la-piu-grande-rete-dimprese-del-territorio","status":"publish","type":"post","link":"https:\/\/www.area-press.eu\/comunicatistampa\/2017\/04\/05\/a-bologna-e-nata-oggi-convergo-la-piu-grande-rete-dimprese-del-territorio\/","title":{"rendered":"A Bologna \u00e8 nata oggi Convergo, la pi\u00f9 grande rete d\u2019imprese del territorio"},"content":{"rendered":"<p><em>Collaborazione, connessione e business development sono alla base della missione che caratterizza il nuovo network che ha l\u2019obiettivo di valorizzare e accrescere il tessuto economico locale. <\/em><\/p>\n<p>&nbsp;<\/p>\n<p>Bologna, 5 aprile 2017 \u2013 E\u2019 stata presentata oggi a Bologna Convergo, la pi\u00f9 grande rete di primarie imprese bolognesi. Nell\u2019era dello sviluppo dei social network professionali come Linkedin, Convergo crea opportunit\u00e0 di incontro reali, trasformando la colazione mattutina in momenti di condivisione e connessione tra le realt\u00e0 partner per incrementare progetti di business.<\/p>\n<p>&nbsp;<\/p>\n<p>Le aziende che aderiscono a Convergo si danno infatti appuntamento, con cadenza settimanale, dalle 7,30 alle 9 del mattino, per dedicare il resto della giornata alla propria attivit\u00e0 d\u2019 impresa.<\/p>\n<p>&nbsp;<\/p>\n<p>La chiave del successo del network bolognese, che conta gi\u00e0 oltre 60 aziende iscritte, per un fatturato complessivo di oltre 30 milioni di euro e 300 dipendenti, \u00e8 la condivisione di conoscenze e di know how specifici nelle relative aree di appartenenza.<\/p>\n<p>&nbsp;<\/p>\n<p>Servizi, ICT, telecomunicazioni, edilizia, architettura, produzione industriale, domotica, energy, ambiente sicurezza, digital marketing e consulenza di impresa, oltre a professionisti come avvocati e commercialisti, sono alcuni dei comparti rappresentativi delle realt\u00e0 che hanno aderito al progetto.<\/p>\n<p>&nbsp;<\/p>\n<p>Al momento sono stati costituiti 3 gruppi (due a Bologna e uno a Imola) con la previsioni 2017 di arrivare a 5 gruppi per un totale di 120 imprese iscritte.<\/p>\n<p>&nbsp;<\/p>\n<p>Il network ha definito una carta dei valori che stabilisce regole e procedure operative. Non \u00e8 ammessa, ad esempio, all\u2019interno dello stesso gruppo pi\u00f9 di un\u2019azienda per settore merceologico; inoltre ogni nuova richiesta di iscrizione viene valutata dall\u2019executive board prima di essere resa effettiva.<\/p>\n<p>&nbsp;<\/p>\n<p>Convergo propone, inoltre, un intenso programma di Formazione gratuita per gli associati e i loro dipendenti per estendere le competenze della propria impresa.<\/p>\n<p>&nbsp;<\/p>\n<p>E\u2019 prevista anche un\u2019intensa attivit\u00e0 di marketing e comunicazione, sia tradizionale che digital, per promuovere news e aggiornamenti, gli eventi degli associati e quelli cui Convergo parteciper\u00e0 in qualit\u00e0 di sponsor.<\/p>\n<p>&nbsp;<\/p>\n<p><em>\u201cL\u2019unicit\u00e0 di Convergo \u00e8 che permette di stabilire una reale collaborazione tra le imprese. L\u2019idea da cui nasce \u00e8 trasformare le opportunit\u00e0 che pu\u00f2 generare un social professionale come Linkedin in concreti momenti di incontro face to face. Questo permette di approfondire le singole realt\u00e0, creare connessioni e instaurare rapporti basati sulla conoscenza e fiducia reciproca per incrementare il business di tutti i partner\u201d,<\/em> ha dichiarato Dario Argentini Amministratore Delegato di Convergo.<\/p>\n<p>&nbsp;<\/p>\n","protected":false},"excerpt":{"rendered":"<p>Collaborazione, connessione e business development sono alla base della missione che caratterizza il nuovo network che ha l\u2019obiettivo di valorizzare e accrescere il tessuto economico locale. &nbsp; Bologna, 5 aprile 2017 \u2013 E\u2019 stata presentata oggi a Bologna Convergo, la pi\u00f9 grande rete di primarie imprese bolognesi. Nell\u2019era dello sviluppo dei social network professionali come [&hellip;]<\/p>\n","protected":false},"author":1326,"featured_media":0,"comment_status":"open","ping_status":"open","sticky":false,"template":"","format":"standard","meta":{"footnotes":""},"categories":[29],"tags":[12357],"class_list":["post-19318","post","type-post","status-publish","format-standard","hentry","category-comunicati","tag-convergo"],"_links":{"self":[{"href":"https:\/\/www.area-press.eu\/comunicatistampa\/wp-json\/wp\/v2\/posts\/19318","targetHints":{"allow":["GET"]}}],"collection":[{"href":"https:\/\/www.area-press.eu\/comunicatistampa\/wp-json\/wp\/v2\/posts"}],"about":[{"href":"https:\/\/www.area-press.eu\/comunicatistampa\/wp-json\/wp\/v2\/types\/post"}],"author":[{"embeddable":true,"href":"https:\/\/www.area-press.eu\/comunicatistampa\/wp-json\/wp\/v2\/users\/1326"}],"replies":[{"embeddable":true,"href":"https:\/\/www.area-press.eu\/comunicatistampa\/wp-json\/wp\/v2\/comments?post=19318"}],"version-history":[{"count":1,"href":"https:\/\/www.area-press.eu\/comunicatistampa\/wp-json\/wp\/v2\/posts\/19318\/revisions"}],"predecessor-version":[{"id":19319,"href":"https:\/\/www.area-press.eu\/comunicatistampa\/wp-json\/wp\/v2\/posts\/19318\/revisions\/19319"}],"wp:attachment":[{"href":"https:\/\/www.area-press.eu\/comunicatistampa\/wp-json\/wp\/v2\/media?parent=19318"}],"wp:term":[{"taxonomy":"category","embeddable":true,"href":"https:\/\/www.area-press.eu\/comunicatistampa\/wp-json\/wp\/v2\/categories?post=19318"},{"taxonomy":"post_tag","embeddable":true,"href":"https:\/\/www.area-press.eu\/comunicatistampa\/wp-json\/wp\/v2\/tags?post=19318"}],"curies":[{"name":"wp","href":"https:\/\/api.w.org\/{rel}","templated":true}]}}