{"id":19225,"date":"2017-04-03T22:11:10","date_gmt":"2017-04-03T20:11:10","guid":{"rendered":"http:\/\/www.area-press.eu\/comunicatistampa\/?p=19225"},"modified":"2017-04-03T22:11:10","modified_gmt":"2017-04-03T20:11:10","slug":"solo-un-errore-carmelo-emmolo","status":"publish","type":"post","link":"https:\/\/www.area-press.eu\/comunicatistampa\/2017\/04\/03\/solo-un-errore-carmelo-emmolo\/","title":{"rendered":"Solo un errore, Carmelo Emmolo"},"content":{"rendered":"<p style=\"text-align: center\"><strong><em>In radio Solo un errore il nuovo singolo del cantautore siciliano \u00a0\u00a0<\/em><\/strong><\/p>\n<p><iframe loading=\"lazy\" title=\"Carmelo  Emmolo - Solo un errore.\" width=\"500\" height=\"281\" src=\"https:\/\/www.youtube.com\/embed\/HJXPUhSGGqM?feature=oembed\" frameborder=\"0\" allow=\"accelerometer; autoplay; clipboard-write; encrypted-media; gyroscope; picture-in-picture; web-share\" referrerpolicy=\"strict-origin-when-cross-origin\" allowfullscreen><\/iframe><\/p>\n<p>Il giovane cantautore siciliano affronta il test radiofonico con un singolo intenso.<br \/>\n<strong>Carmelo Emmolo<\/strong> nasce ad Avola ( SR ) il 15 Febbraio 1989, sin da bambino mostra una particolare attenzione al mondo musicale prestando dedizione e buona parte del suo tempo libero alle musicassette e alla radio della mamma. A undici anni scrive la sua prima canzone, ma il turbolento divorzio dei genitori e la difficoltosa situazione economica lasceranno in disparte l&#8217;emisfero artistico del giovane cantautore.\u00a0 Il 2009 \u00e8 l&#8217;anno della svolta, Carmelo, infatti, inizia a studiare canto e pianoforte e si trasferisce in tutta solitudine a Ragusa; dopo aver trovato lavoro come barman stabilisce dei contatti con una piccola realt\u00e0 discografica locale, la Shine Records, con la quale realizza il brano &#8220;Io ci sar\u00f2&#8221; ( testo e musica di Carmelo Emmolo; arrangiamenti curati da Giovanni Leon Dall&#8217;\u00f2 ). Nel 2010 entra a far parte del cast di un talent show di una rete televisiva locale (VideoRegione ) al termine del quale si classica al secondo posto. Il 2011 lo vede lavorare alla stesura di altri inediti e all&#8217;approfondimento delle tecniche vocali al fianco di Peppe Mavilla. Pubblicano insieme &#8220;Distorto&#8221; ( Mavilla; Emmolo; Lupo ) brano scritto a sei mani cantato in duetto con Jessica Lupo.Il 2012 \u00e8 l&#8217;anno di Sanremo Social, Carmelo si presenta con &#8220;gli angeli&#8221; un brano scritto e interamente arrangiato da Peppe Mavilla. Il singolo esce accompagnato da un videoclip suggestivo girato a Pozzallo. Nel 2013, spinto dal desiderio di tornare sul palco e sostenuto dal fidato amico batterista Marco Gualato, fonda i &#8216;La gabbia di Maila&#8217;,\u00a0 band con la quale si esibir\u00e0 tra piazze, teatri e locali ricevendo un buon successo.\u00a0 \u00c9 il 2014 a confermare la collaborazione con la band quando esce il singolo &#8220;Dolcemente&#8221; (C.Emmolo ) seguito pochi mesi dopo dall&#8217;introspettivo videoclip girato sulle rotaie di una stazione siciliana. Il 2 Giugno dello stesso anno, cantando &#8220;Dolcemente&#8221;, Carmelo si classifica secondo alla competizione regionale &#8216;Sicilia Talent Festival&#8217;. L&#8217;anno 2015 trascorre tra inviti su reti televisive e radio locali mentre prende forma l&#8217;idea di entrare in studio con la band per registrare un album di inediti, intanto Carmelo conquista il primo posto al &#8216;Music Festival&#8217;, un riconoscimento importante che porter\u00e0 ad un altro primo posto al festival &#8216;Note Rosse&#8217; di Marzamemi.<br \/>\nIl 2016 si apre con un ammissione ad un nuovo talent show siciliano, &#8220;Telecanto&#8221;, dove la spiccata personalit\u00e0 del cantautore viene sin da subito notata e premiata dai giudici. \u00c8 aprile quando con i La gabbia di Maila vince due premi prestigiosi all&#8217;interno della manifestazione &#8220;Il palco dei talenti&#8221;; con il nuovo singolo inedito &#8220;L&#8217;ultima lettera&#8221; (C.Emmolo )\u00a0 infatti,\u00a0 Carmelo si aggiudica il premio &#8216;miglior voce&#8217; della categoria cantautori e la band ottiene un accesso diretto ad un noto festival nazionale.<\/p>\n<p><a href=\"https:\/\/www.facebook.com\/Carmelo-Emmolo-Official-1794171357527415\/?fref=ts\">https:\/\/www.facebook.com\/Carmelo-Emmolo-Official-1794171357527415\/?fref=ts<\/a><\/p>\n<p><strong><em>Press, radio, Tv Agency<\/em><\/strong><strong><em><br \/>\nDCOD Communication By GB Play<br \/>\n<\/em><\/strong><a href=\"http:\/\/email.mediasender.it\/mpss\/c\/2AA\/b4sPAA\/t.1zm\/i8SexBOKQbKiIpIdHwpMyQ\/h1\/7zw2YiPbk5L6Shr0KtuZOxwBWzdbthqoGOGu4pzxXfB95SB1q1rmf9r1bdg5Z1eEJxOD6q6-2BF8-2Fb9CZ-2FYZSsqKFWCZQicwtu-2FM33XJxzSssqH2g4MLo-2FdJ8sfmVHgXNCflFO-2BEfTHzncEJSr4a9VWKU8I-2FOna0fLkwZM2-2FP4MBCaOdJFZVeUo4dRrQL7tFlMQyUAzURlvoCJa7XdC7WSu-2FqePe-2BNzuyU5T1XvlFCwmiGd-2Fpgqu3yOMT-2FqrHJ5HRWUVlorcibFfEQY7UVpF5hZg-3D-3D\">promoradio@dcodcommunication.it<br \/>\n<\/a><a href=\"http:\/\/email.mediasender.it\/mpss\/c\/2AA\/b4sPAA\/t.1zm\/i8SexBOKQbKiIpIdHwpMyQ\/h2\/7zw2YiPbk5L6Shr0KtuZOxwBWzdbthqoGOGu4pzxXfB95SB1q1rmf9r1bdg5Z1eEJxOD6q6-2BF8-2Fb9CZ-2FYZSsqKFWCZQicwtu-2FM33XJxzSsvxAAmhlhqPCwcrFQv23Iso26TiXzndwBz-2B2iUERBYIOjWunM0Y20-2BUkbgipQGzK8aIotCcPpPAk401AEfCBdOk-2BU-2Bv0dxNrcphbnEQYsAHS4XOGwHEtkcXl1PmV6fYUcTObOI7ooDQYKOyDaZPzweFz3BwZcz-2BXRi6XG0WsAKOlQ-3D-3D\">promostampa@dcocommunication.it<\/a><\/p>\n","protected":false},"excerpt":{"rendered":"<p>In radio Solo un errore il nuovo singolo del cantautore siciliano \u00a0\u00a0 Il giovane cantautore siciliano affronta il test radiofonico con un singolo intenso. Carmelo Emmolo nasce ad Avola ( SR ) il 15 Febbraio 1989, sin da bambino mostra una particolare attenzione al mondo musicale prestando dedizione e buona parte del suo tempo libero [&hellip;]<\/p>\n","protected":false},"author":331,"featured_media":0,"comment_status":"open","ping_status":"open","sticky":false,"template":"","format":"standard","meta":{"footnotes":""},"categories":[12],"tags":[5227,12318,721,2365],"class_list":["post-19225","post","type-post","status-publish","format-standard","hentry","category-musica","tag-radio","tag-emmolo","tag-musica","tag-singolo"],"_links":{"self":[{"href":"https:\/\/www.area-press.eu\/comunicatistampa\/wp-json\/wp\/v2\/posts\/19225","targetHints":{"allow":["GET"]}}],"collection":[{"href":"https:\/\/www.area-press.eu\/comunicatistampa\/wp-json\/wp\/v2\/posts"}],"about":[{"href":"https:\/\/www.area-press.eu\/comunicatistampa\/wp-json\/wp\/v2\/types\/post"}],"author":[{"embeddable":true,"href":"https:\/\/www.area-press.eu\/comunicatistampa\/wp-json\/wp\/v2\/users\/331"}],"replies":[{"embeddable":true,"href":"https:\/\/www.area-press.eu\/comunicatistampa\/wp-json\/wp\/v2\/comments?post=19225"}],"version-history":[{"count":1,"href":"https:\/\/www.area-press.eu\/comunicatistampa\/wp-json\/wp\/v2\/posts\/19225\/revisions"}],"predecessor-version":[{"id":19226,"href":"https:\/\/www.area-press.eu\/comunicatistampa\/wp-json\/wp\/v2\/posts\/19225\/revisions\/19226"}],"wp:attachment":[{"href":"https:\/\/www.area-press.eu\/comunicatistampa\/wp-json\/wp\/v2\/media?parent=19225"}],"wp:term":[{"taxonomy":"category","embeddable":true,"href":"https:\/\/www.area-press.eu\/comunicatistampa\/wp-json\/wp\/v2\/categories?post=19225"},{"taxonomy":"post_tag","embeddable":true,"href":"https:\/\/www.area-press.eu\/comunicatistampa\/wp-json\/wp\/v2\/tags?post=19225"}],"curies":[{"name":"wp","href":"https:\/\/api.w.org\/{rel}","templated":true}]}}