{"id":19189,"date":"2017-04-03T22:11:09","date_gmt":"2017-04-03T20:11:09","guid":{"rendered":"http:\/\/www.area-press.eu\/comunicatistampa\/?p=19189"},"modified":"2017-04-03T22:11:09","modified_gmt":"2017-04-03T20:11:09","slug":"milano-moda-design-i-big-della-moda-ospiti-alle-manifestazioni-tra-di-loro-anche-il-blogger-andrea-ubbiali","status":"publish","type":"post","link":"https:\/\/www.area-press.eu\/comunicatistampa\/2017\/04\/03\/milano-moda-design-i-big-della-moda-ospiti-alle-manifestazioni-tra-di-loro-anche-il-blogger-andrea-ubbiali\/","title":{"rendered":"Milano Moda Design i big della moda ospiti alle manifestazioni tra di loro anche il blogger Andrea Ubbiali"},"content":{"rendered":"<h5>La Manifestazione Internazionale che si svolge in concomitanza con il Salone del Mobile e che celebra l\u2019ormai noto connubio tra moda e design apre le danze oggi lunedi 3 aprile e durer\u00e0 sei giorni. Nel fittissimo calendario degli eventi che si accompagna a quelli ufficiali del Fuori Salone e del Salone del Mobile, i protagonisti della moda hanno modo di presentare la loro Home Collection o eventi della moda legati al design.Eventi e manifestazioni dedicate al lusso scalderanno le vie della citt\u00e0 di Milano , fotografi e paparazzi saranno attesi fuori dagli eventi pi\u00f9 COOL per intervistare gli ospiti e catturare scatti ed esclusive.Gli splendidi palazzi milanesi aprono le proprie porte ai selezionatissimi invitati cos\u00ec come show-room e boutique si preparano ad esposizioni moderne e glamour.L\u2019evento, dunque, diventa il pretesto perfetto per coniugare e fondere insieme moda , arredo e lusso ,come ogni anno l\u2019edizione di <strong>Milano Moda Design<\/strong> ospiter\u00e0 una serie di partnership e collezioni tra le case di moda, le aziende d\u2019arredo e i designer pi\u00f9 prestigiosi al mondo. Molti gli invitati vip della moda , della politica e del giornalismo e soprattutto loro i fashion blogger pi\u00f9 influenti e famosi tra i 10 invitati anche Andrea Ubbiali il fashion blogger e web influencer italiano sempre sul &#8220;pezzo&#8221; e amato dal settore moda e dal grande pubblico che lo segue. Diverse le aziende che hanno richiesto la presenza del blogger , il giovane \u00e8 divenuto un volto noto del settore apparendo in molti quotidiani e giornali . Semplice e mai arrogante \u00e8 amatissimo dal pubblico anche se in molti pensano che dietro tale umilt\u00e0 si nasconda una notevole strategia di marketing per guadagni stellari , poco importa il blogger ci comunica la sua presenza all&#8217;evento di Giorgio Armani e dalla maison Louis Vuitton per l&#8217;evento Objets Nomades. Design Talk with Campana Brothers and Patricia Urquiola \/ From 5pm to 6pm \/ Palazzo Bocconi &#8211; C.so Venezia, 48.Andrea vestir\u00e0 per l&#8217;occasione accessori dell&#8217;Atelier Luisa Scivales, la rettrice dell&#8217;Istituto di Moda di Bergamo ha creato per il blogger una capsule collection dedicata al mondo Disney in vendit\u00e0 prossimamente.<\/h5>\n","protected":false},"excerpt":{"rendered":"<p>La Manifestazione Internazionale che si svolge in concomitanza con il Salone del Mobile e che celebra l\u2019ormai noto connubio tra moda e design apre le danze oggi lunedi 3 aprile e durer\u00e0 sei giorni. Nel fittissimo calendario degli eventi che si accompagna a quelli ufficiali del Fuori Salone e del Salone del Mobile, i protagonisti [&hellip;]<\/p>\n","protected":false},"author":4054,"featured_media":0,"comment_status":"open","ping_status":"open","sticky":false,"template":"","format":"standard","meta":{"footnotes":""},"categories":[3,29,7,8],"tags":[1728],"class_list":["post-19189","post","type-post","status-publish","format-standard","hentry","category-arte-e-cultura","category-comunicati","category-economia-e-finanza","category-eventi","tag-blog-moda"],"_links":{"self":[{"href":"https:\/\/www.area-press.eu\/comunicatistampa\/wp-json\/wp\/v2\/posts\/19189","targetHints":{"allow":["GET"]}}],"collection":[{"href":"https:\/\/www.area-press.eu\/comunicatistampa\/wp-json\/wp\/v2\/posts"}],"about":[{"href":"https:\/\/www.area-press.eu\/comunicatistampa\/wp-json\/wp\/v2\/types\/post"}],"author":[{"embeddable":true,"href":"https:\/\/www.area-press.eu\/comunicatistampa\/wp-json\/wp\/v2\/users\/4054"}],"replies":[{"embeddable":true,"href":"https:\/\/www.area-press.eu\/comunicatistampa\/wp-json\/wp\/v2\/comments?post=19189"}],"version-history":[{"count":3,"href":"https:\/\/www.area-press.eu\/comunicatistampa\/wp-json\/wp\/v2\/posts\/19189\/revisions"}],"predecessor-version":[{"id":19192,"href":"https:\/\/www.area-press.eu\/comunicatistampa\/wp-json\/wp\/v2\/posts\/19189\/revisions\/19192"}],"wp:attachment":[{"href":"https:\/\/www.area-press.eu\/comunicatistampa\/wp-json\/wp\/v2\/media?parent=19189"}],"wp:term":[{"taxonomy":"category","embeddable":true,"href":"https:\/\/www.area-press.eu\/comunicatistampa\/wp-json\/wp\/v2\/categories?post=19189"},{"taxonomy":"post_tag","embeddable":true,"href":"https:\/\/www.area-press.eu\/comunicatistampa\/wp-json\/wp\/v2\/tags?post=19189"}],"curies":[{"name":"wp","href":"https:\/\/api.w.org\/{rel}","templated":true}]}}