{"id":19050,"date":"2017-03-30T17:43:54","date_gmt":"2017-03-30T15:43:54","guid":{"rendered":"http:\/\/www.area-press.eu\/comunicatistampa\/?p=19050"},"modified":"2017-03-30T17:43:54","modified_gmt":"2017-03-30T15:43:54","slug":"mag-milano-art-gallery-vittorio-sgarbi-introduce-il-libro-schegge-di-r-la-dedica-di-roberta-camerino-alla-madre","status":"publish","type":"post","link":"https:\/\/www.area-press.eu\/comunicatistampa\/2017\/03\/30\/mag-milano-art-gallery-vittorio-sgarbi-introduce-il-libro-schegge-di-r-la-dedica-di-roberta-camerino-alla-madre\/","title":{"rendered":"MAG \u2013 Milano Art Gallery: Vittorio Sgarbi introduce il libro \u201cSchegge di R\u201d, la dedica di Roberta Camerino alla madre"},"content":{"rendered":"<p>Roberta Camerino, presenter\u00e0 il suo libro \u201cSchegge di R\u201d, in ricordo della madre e nota stilista, il prossimo luned\u00ec 3 aprile alle ore 18.00, presso la Milano Art Gallery, in via Alessi 11, nel cuore della citt\u00e0. L&#8217;organizzatore dell&#8217;iniziativa, \u00e8 Salvo Nugnes, manager della cultura e agente di nomi di spicco, nonch\u00e9 \u201cpatron\u201d della MAG, che \u00e8 stata la galleria storica di riferimento del celebre programma televisivo Maurizio Costanzo Show, con un giovane Vittorio Sgarbi, ancora agli esordi della carriera, che regalava consigli per gli acquisti di opere d\u2019arte. In quasi 50 anni di attivit\u00e0 nelle sue sale hanno esposto rinomati artisti di fama nazionale ed internazionale oltre a personaggi del calibro di Amanda Lear, Renato Guttuso, Fausto Pirandello, Mario Schifano, Gino De Dominicis, Gaetano Pesce, Eugenio Carmi e molti altri.<br \/>\nSono in tanti ad aver scritto e parlato della Signora della moda, dei suoi incredibili abiti, delle sue meravigliose mostre, delle sue fantastiche e colorate collezioni, delle sue passioni, dei suoi divertenti foulard, delle sue ombrelle e della celeberrima Bagonghi, ispirata ad un nano di circo e passata alle cronache mondane come la borsa della principessa Grace Kelly.<br \/>\n\u201cSchegge di R\u201d \u00e8 invece un libro che spalanca un mondo fatto di straordinaria sincerit\u00e0 e sconvolgente chiarezza, parole forti che colpiscono il cuore, una confessione di fatti e sentimenti, la rievocazione di importanti persone ormai lontane ma solamente nel tempo. E\u2019 la storia di una figlia d&#8217;arte, una delle creature che crescono all&#8217;ombra di un genitore famoso, di un personaggio che a Venezia e nel mondo \u00e8 conosciuto come &#8221;la figlia di Giuliana Camerino&#8221;.<br \/>\nRoberta, a pochi anni dalla scomparsa della sua mamma, ha deciso di scrivere un libro di vita insieme alla penna affettuosa dell\u2019amica Federica Repetto. Di Vittorio Sgarbi \u00e8 invece l\u2019introduzione: \u201cIl volto sorridente di Roberta appariva sui rotocalchi come quello della signora dell\u2019eleganza, ed era cos\u00ec popolare che era come vederlo in televisione. Ho la sensazione di averla sempre conosciuta, ma l\u2019incontro reale avvenne alla fine degli anni Settanta: la sua immagine si fiss\u00f2 in me in quel momento in un\u2019et\u00e0 inferiore alla mia di ora, e l\u00ec fermandosi senza mutamento. Oggi esce il libro di sua figlia e ci consegna un\u2019immagine fedele e affettuosa di lei, impedendole di uscire dall\u2019unico spazio e dall\u2019unico tempo che le appartengono: quello della vitalit\u00e0 e della vita\u201d. Di particolare interesse \u00e8 anche il contributo di Luciana Boccardi, giornalista, critica di moda e scrittrice: \u201cNon \u00e8 facile per una veneziana come me parlare di una veneziana come Roberta, della quale tutti credono di sapere tutto perch\u00e9 appunto come ombra della madre \u00e8 sempre stata alla ribalta senza che nessuno sapesse mai quali erano i suoi apporti reali all\u2019azienda Roberta di Camerino dove ha lavorato accanto alla madre per trent\u2019anni, quali fossero le sue specificit\u00e0, mai valutate direttamente ma sempre in funzione di ci\u00f2 che il mondo si aspetta dalla \u201cfiglia di Giuliana\u201d, ovvero schegge di Giuliana che nel titolo diventano schegge di R\u201d.<br \/>\nCentotrentasei pagine scorrevoli di profonde emozioni e che si concludono con una forte dichiarazione che arriva dal cuore. E\u2019 una dedica di Roberta alla persona che le ha dato e accompagnato la Vita: \u201cQuesta era Giuliana. Una piccola parte di Giuliana. Giuliana la mia mamma non Giuliana detta Roberta di Camerino\u201d.<\/p>\n","protected":false},"excerpt":{"rendered":"<p>Roberta Camerino, presenter\u00e0 il suo libro \u201cSchegge di R\u201d, in ricordo della madre e nota stilista, il prossimo luned\u00ec 3 aprile alle ore 18.00, presso la Milano Art Gallery, in via Alessi 11, nel cuore della citt\u00e0. L&#8217;organizzatore dell&#8217;iniziativa, \u00e8 Salvo Nugnes, manager della cultura e agente di nomi di spicco, nonch\u00e9 \u201cpatron\u201d della MAG, [&hellip;]<\/p>\n","protected":false},"author":3367,"featured_media":0,"comment_status":"open","ping_status":"open","sticky":false,"template":"","format":"standard","meta":{"footnotes":""},"categories":[3],"tags":[12219],"class_list":["post-19050","post","type-post","status-publish","format-standard","hentry","category-arte-e-cultura","tag-mag-milano-art-gallery-roberta-camerino-salvo-nugnes-vittorio-sgarbi-schegge-di-r-giuliana-camerino"],"_links":{"self":[{"href":"https:\/\/www.area-press.eu\/comunicatistampa\/wp-json\/wp\/v2\/posts\/19050","targetHints":{"allow":["GET"]}}],"collection":[{"href":"https:\/\/www.area-press.eu\/comunicatistampa\/wp-json\/wp\/v2\/posts"}],"about":[{"href":"https:\/\/www.area-press.eu\/comunicatistampa\/wp-json\/wp\/v2\/types\/post"}],"author":[{"embeddable":true,"href":"https:\/\/www.area-press.eu\/comunicatistampa\/wp-json\/wp\/v2\/users\/3367"}],"replies":[{"embeddable":true,"href":"https:\/\/www.area-press.eu\/comunicatistampa\/wp-json\/wp\/v2\/comments?post=19050"}],"version-history":[{"count":1,"href":"https:\/\/www.area-press.eu\/comunicatistampa\/wp-json\/wp\/v2\/posts\/19050\/revisions"}],"predecessor-version":[{"id":19051,"href":"https:\/\/www.area-press.eu\/comunicatistampa\/wp-json\/wp\/v2\/posts\/19050\/revisions\/19051"}],"wp:attachment":[{"href":"https:\/\/www.area-press.eu\/comunicatistampa\/wp-json\/wp\/v2\/media?parent=19050"}],"wp:term":[{"taxonomy":"category","embeddable":true,"href":"https:\/\/www.area-press.eu\/comunicatistampa\/wp-json\/wp\/v2\/categories?post=19050"},{"taxonomy":"post_tag","embeddable":true,"href":"https:\/\/www.area-press.eu\/comunicatistampa\/wp-json\/wp\/v2\/tags?post=19050"}],"curies":[{"name":"wp","href":"https:\/\/api.w.org\/{rel}","templated":true}]}}