{"id":1864,"date":"2015-09-08T16:55:35","date_gmt":"2015-09-08T14:55:35","guid":{"rendered":"http:\/\/www.area-press.eu\/comunicatistampa\/?p=1864"},"modified":"2015-09-08T16:55:35","modified_gmt":"2015-09-08T14:55:35","slug":"ascensori-risparmio-energetico-in-europa","status":"publish","type":"post","link":"https:\/\/www.area-press.eu\/comunicatistampa\/2015\/09\/08\/ascensori-risparmio-energetico-in-europa\/","title":{"rendered":"Ascensori risparmio energetico in Europa"},"content":{"rendered":"<p class=\"p1\"><span class=\"s1\">Il consumo energetico del parco immobiliare \u00e8 notevolmente aumentato da quando il numero di impianti elevatori all\u2019interno degli edifici \u00e8 cresciuto. Ecco perch\u00e9 <strong>diventa sempre pi\u00f9 importante cercare di ridurre i consumi<\/strong> nel comparto scale mobili e ascensori senza per\u00f2 intaccare il livello di conforto a cui gli utenti si sono ormai abituati.<\/span><\/p>\n<p class=\"p1\"><span class=\"s1\">A volte basta effettuare anche solo piccole modifiche agli impianti gi\u00e0 in uso per riscontrare significativi incrementi di efficienza: le strategie d&#8217;intervento vengono analizzate da <strong>\u201cE4 \u2013Energy Efficient Elevators and Escalators\u201d, l&#8217;indagine triennale che prende in esame alcuni impianti installati in tutta Europa<\/strong> e studia il potenziale di risparmio applicabile.<\/span><\/p>\n<p class=\"p1\"><span class=\"s1\">L\u2019ultima indagine ha preso in esame 74 ascensori e 7 scale mobili e ha analizzato che il loro consumo<strong> influisce rispetto al 5% sui consumi energetici di uno stabile<\/strong>. La buona notizia \u00e8 che l&#8217;assorbimento di energia elettrica in modalit\u00e0 stand-by \u00e8 pari al 70% di quella consumata in attivit\u00e0.<\/span><\/p>\n<p class=\"p1\"><span class=\"s1\">Il consumo di energia aumenta ovviamente durante il movimento e uno dei fattori che incide maggiormente \u00e8 la frequenza d&#8217;uso: eppure per migliorare <b><a href=\"http:\/\/www.amcaelevatori.com\/progettisti\/\">l\u2019attivit\u00e0 degli ascensori risparmio energetico basterebbe sostituire le tradizionali lampadine a incandescenza<\/a><\/b> e utilizzare solo quelle a risparmio energetico. 18 Twh \u00e8 il consumo odierno di quattro milioni di ascensori in tutta Europa: il risparmio complessivo che si potrebbe raggiungere potrebbe essere vicino agli 11 Twh.<\/span><\/p>\n","protected":false},"excerpt":{"rendered":"<p>Il consumo energetico del parco immobiliare \u00e8 notevolmente aumentato da quando il numero di impianti elevatori all\u2019interno degli edifici \u00e8 cresciuto. Ecco perch\u00e9 diventa sempre pi\u00f9 importante cercare di ridurre i consumi nel comparto scale mobili e ascensori senza per\u00f2 intaccare il livello di conforto a cui gli utenti si sono ormai abituati. A volte [&hellip;]<\/p>\n","protected":false},"author":18,"featured_media":0,"comment_status":"open","ping_status":"open","sticky":false,"template":"","format":"standard","meta":{"footnotes":""},"categories":[4],"tags":[1603],"class_list":["post-1864","post","type-post","status-publish","format-standard","hentry","category-attualita-e-societa","tag-ascensori-risparmio-energetico"],"_links":{"self":[{"href":"https:\/\/www.area-press.eu\/comunicatistampa\/wp-json\/wp\/v2\/posts\/1864","targetHints":{"allow":["GET"]}}],"collection":[{"href":"https:\/\/www.area-press.eu\/comunicatistampa\/wp-json\/wp\/v2\/posts"}],"about":[{"href":"https:\/\/www.area-press.eu\/comunicatistampa\/wp-json\/wp\/v2\/types\/post"}],"author":[{"embeddable":true,"href":"https:\/\/www.area-press.eu\/comunicatistampa\/wp-json\/wp\/v2\/users\/18"}],"replies":[{"embeddable":true,"href":"https:\/\/www.area-press.eu\/comunicatistampa\/wp-json\/wp\/v2\/comments?post=1864"}],"version-history":[{"count":1,"href":"https:\/\/www.area-press.eu\/comunicatistampa\/wp-json\/wp\/v2\/posts\/1864\/revisions"}],"predecessor-version":[{"id":1865,"href":"https:\/\/www.area-press.eu\/comunicatistampa\/wp-json\/wp\/v2\/posts\/1864\/revisions\/1865"}],"wp:attachment":[{"href":"https:\/\/www.area-press.eu\/comunicatistampa\/wp-json\/wp\/v2\/media?parent=1864"}],"wp:term":[{"taxonomy":"category","embeddable":true,"href":"https:\/\/www.area-press.eu\/comunicatistampa\/wp-json\/wp\/v2\/categories?post=1864"},{"taxonomy":"post_tag","embeddable":true,"href":"https:\/\/www.area-press.eu\/comunicatistampa\/wp-json\/wp\/v2\/tags?post=1864"}],"curies":[{"name":"wp","href":"https:\/\/api.w.org\/{rel}","templated":true}]}}