{"id":18542,"date":"2017-03-18T18:53:45","date_gmt":"2017-03-18T17:53:45","guid":{"rendered":"http:\/\/www.area-press.eu\/comunicatistampa\/?p=18542"},"modified":"2017-03-18T18:53:45","modified_gmt":"2017-03-18T17:53:45","slug":"kerakoll-sceglie-sdwwg-per-il-lancio-del-progetto-aggiustatutto","status":"publish","type":"post","link":"https:\/\/www.area-press.eu\/comunicatistampa\/2017\/03\/18\/kerakoll-sceglie-sdwwg-per-il-lancio-del-progetto-aggiustatutto\/","title":{"rendered":"Kerakoll sceglie SDWWG per il lancio del progetto AGGIUSTATUTTO"},"content":{"rendered":"<p>Kerakoll affida a SDWWG il lancio della nuova linea di prodotti AGGIUSTATUTTO, il nuovo marchio di qualit\u00e0 per la manutenzione professionale e il Fai da te della casa con il pi\u00f9 ampio assortimento esistente oggi sul mercato, presente con un proprio spazio dedicato all&#8217;interno delle rivendite edili.<\/p>\n<p>AGGIUSTATUTTO\u00ae \u00e8 stato studiato per un utilizzo da parte di artigiani edili oltre a imbianchini, muratori e idraulici ma anche di privati.<br \/>\nSDWWG ha realizzato e pianificato una campagna in prima pagina sui principali quotidiani sportivi (Gazzetta dello Sport, Corriere dello Sport &#8211; Stadio, Tuttosport), sulle riviste di settore e nei portali di riferimento.<br \/>\nHa inoltre realizzato <a href=\"http:\/\/www.aggiustatutto.casa\/\">www.aggiustatutto.casa<\/a>, sito internet utile e di facile consultazione, con una grafica che avvicina molto al mondo consumer grazie a un\u2019interfaccia user friendly e alla completa ottimizzazione per la navigazione da mobile.<\/p>\n<p>Oltre al sito internet la strategia di comunicazione non poteva non comprendere i social network: il canale You Tube (Aggiustatutto web) con video tutorial di prodotto e la pagina Facebook (@aggiustatuttocasa) che in breve tempo diventer\u00e0 il punto di riferimento per il settore della manutenzione professionale e del Fai da te.<br \/>\nLa pagina FB alterner\u00e0 post divertenti e simpatici per aumentare interazione e Like &#8211; come quelli gi\u00e0 pubblicati per San Valentino o per la Festa della donna &#8211; con post pi\u00f9 tecnici e informativi che spiegheranno i prodotti, le caratteristiche e mini video oltre a notizie su eventi, formazione e tanto altro.<\/p>\n<p>Dichiara Luca Pacchiarini, strategic planner dell&#8217;agenzia: \u201cPoter continuare a lavorare con un cliente del calibro di Kerakoll continua a darci nuovi stimoli oltre alla possibilit\u00e0 di affrontare ogni volta tematiche diverse e di particolare interesse. Anche questa volta ringrazio prima di tutti Stefania Piccioni, Responsabile Comunicazione di Kerakoll per la fiducia!\u201d<br \/>\nIl progetto, coordinato da Stefania Piccioni Responsabile Comunicazione Kerakoll spa, \u00e8 stato realizzato da: Luca Pacchiarini (strategic planner), Florencia Claut (art), Claudio Sabatinelli (web designer), Davide Simonatto per la direzione creativa di Paolo Dagrada.<\/p>\n<p>&nbsp;<\/p>\n<p>&nbsp;<\/p>\n<p>&nbsp;<\/p>\n","protected":false},"excerpt":{"rendered":"<p>Kerakoll affida a SDWWG il lancio della nuova linea di prodotti AGGIUSTATUTTO, il nuovo marchio di qualit\u00e0 per la manutenzione professionale e il Fai da te della casa con il pi\u00f9 ampio assortimento esistente oggi sul mercato, presente con un proprio spazio dedicato all&#8217;interno delle rivendite edili. AGGIUSTATUTTO\u00ae \u00e8 stato studiato per un utilizzo da [&hellip;]<\/p>\n","protected":false},"author":716,"featured_media":0,"comment_status":"open","ping_status":"open","sticky":false,"template":"","format":"standard","meta":{"footnotes":""},"categories":[29],"tags":[],"class_list":["post-18542","post","type-post","status-publish","format-standard","hentry","category-comunicati"],"_links":{"self":[{"href":"https:\/\/www.area-press.eu\/comunicatistampa\/wp-json\/wp\/v2\/posts\/18542","targetHints":{"allow":["GET"]}}],"collection":[{"href":"https:\/\/www.area-press.eu\/comunicatistampa\/wp-json\/wp\/v2\/posts"}],"about":[{"href":"https:\/\/www.area-press.eu\/comunicatistampa\/wp-json\/wp\/v2\/types\/post"}],"author":[{"embeddable":true,"href":"https:\/\/www.area-press.eu\/comunicatistampa\/wp-json\/wp\/v2\/users\/716"}],"replies":[{"embeddable":true,"href":"https:\/\/www.area-press.eu\/comunicatistampa\/wp-json\/wp\/v2\/comments?post=18542"}],"version-history":[{"count":2,"href":"https:\/\/www.area-press.eu\/comunicatistampa\/wp-json\/wp\/v2\/posts\/18542\/revisions"}],"predecessor-version":[{"id":18544,"href":"https:\/\/www.area-press.eu\/comunicatistampa\/wp-json\/wp\/v2\/posts\/18542\/revisions\/18544"}],"wp:attachment":[{"href":"https:\/\/www.area-press.eu\/comunicatistampa\/wp-json\/wp\/v2\/media?parent=18542"}],"wp:term":[{"taxonomy":"category","embeddable":true,"href":"https:\/\/www.area-press.eu\/comunicatistampa\/wp-json\/wp\/v2\/categories?post=18542"},{"taxonomy":"post_tag","embeddable":true,"href":"https:\/\/www.area-press.eu\/comunicatistampa\/wp-json\/wp\/v2\/tags?post=18542"}],"curies":[{"name":"wp","href":"https:\/\/api.w.org\/{rel}","templated":true}]}}