{"id":18463,"date":"2017-03-15T19:50:08","date_gmt":"2017-03-15T18:50:08","guid":{"rendered":"http:\/\/www.area-press.eu\/comunicatistampa\/?p=18463"},"modified":"2017-03-15T19:50:08","modified_gmt":"2017-03-15T18:50:08","slug":"wunderkammer-la-stanza-delle-meraviglie","status":"publish","type":"post","link":"https:\/\/www.area-press.eu\/comunicatistampa\/2017\/03\/15\/wunderkammer-la-stanza-delle-meraviglie\/","title":{"rendered":"Wunderkammer. La stanza delle meraviglie"},"content":{"rendered":"<p style=\"text-align: center\"><span style=\"color: #000000\"><span style=\"font-family: MinionPro-Regular, serif\"><span style=\"font-size: medium\"><span style=\"font-family: 'Century Gothic', serif\"><span style=\"font-size: small\"><i>Dal 24 marzo al 7 aprile 2017 nelle gallerie degli antiquari aderenti all\u2019iniziativa<\/i><\/span><\/span><\/span><\/span><\/span><\/p>\n<p align=\"JUSTIFY\"><span style=\"color: #222222\"><span style=\"font-family: 'Century Gothic', serif\"><span style=\"font-size: small\">Il bello delle scienze, della natura, dell\u2019arte. Una mostra tra <\/span><\/span><\/span><span style=\"color: #222222\"><span style=\"font-family: 'Century Gothic', serif\"><span style=\"font-size: small\"><i>Naturalia<\/i><\/span><\/span><\/span><span style=\"color: #222222\"><span style=\"font-family: 'Century Gothic', serif\"><span style=\"font-size: small\"> e <\/span><\/span><\/span><span style=\"color: #222222\"><span style=\"font-family: 'Century Gothic', serif\"><span style=\"font-size: small\"><i>Artificialia<\/i><\/span><\/span><\/span><span style=\"color: #222222\"><span style=\"font-family: 'Century Gothic', serif\"><span style=\"font-size: small\">, per osservare tradizionali antichit\u00e0, cimeli storici e opere d\u2019arte, scoprendo curiosit\u00e0 naturali, rarit\u00e0 esotiche, manufatti straordinari.<\/span><\/span><\/span><\/p>\n<p align=\"JUSTIFY\"><span style=\"color: #222222\"><span style=\"font-family: 'Century Gothic', serif\"><span style=\"font-size: small\">L\u2019<\/span><\/span><\/span><span style=\"color: #222222\"><span style=\"font-family: 'Century Gothic', serif\"><span style=\"font-size: small\"><b>Associazione Antiquari Milanesi<\/b><\/span><\/span><\/span><span style=\"color: #222222\"><span style=\"font-family: 'Century Gothic', serif\"><span style=\"font-size: small\"> presenta <\/span><\/span><\/span><span style=\"color: #222222\"><span style=\"font-family: 'Century Gothic', serif\"><span style=\"font-size: small\"><b>\u00abWunderkammer, La stanza delle meraviglie\u00bb, <\/b><\/span><\/span><\/span><span style=\"color: #222222\"><span style=\"font-family: 'Century Gothic', serif\"><span style=\"font-size: small\">una<\/span><\/span><\/span><b> <\/b><span style=\"color: #222222\"><span style=\"font-family: 'Century Gothic', serif\"><span style=\"font-size: small\">mostra<\/span><\/span><\/span><span style=\"color: #222222\"><span style=\"font-family: 'Century Gothic', serif\"><span style=\"font-size: small\"><b> aperta<\/b><\/span><\/span><\/span> <span style=\"font-family: 'Century Gothic', serif\"><span style=\"font-size: small\"><b>dal 24 marzo al 7 aprile 2017 <\/b><\/span><\/span><span style=\"font-family: 'Century Gothic', serif\"><span style=\"font-size: small\">e visitabile nelle sedi degli antiquari aderenti all&#8217;iniziativa<\/span><\/span><span style=\"font-family: 'Century Gothic', serif\"><span style=\"font-size: small\">: <\/span><\/span><span style=\"font-family: 'Century Gothic', serif\"><span style=\"font-size: small\">Piva&amp;C, S<\/span><\/span><span style=\"font-family: 'Century Gothic', serif\"><span style=\"font-size: small\">ubert, Dame e cavalieri, Ghilli antichit\u00e0, Nella longari srl, Antichita&#8217; GN, GB antiquario, Antichit\u00e0 Giglio, Ars antiqua, Carlo Orsi Antichit\u00e0, Oroincensoemirra, Galleria Gracis, Karma Pearls Ltd, Art studio Pedrazzini.<\/span><\/span><\/p>\n<p align=\"JUSTIFY\"><span style=\"color: #222222\"><span style=\"font-family: 'Century Gothic', serif\"><span style=\"font-size: small\">Preziosit\u00e0<\/span><\/span><\/span> <span style=\"color: #222222\"><span style=\"font-family: 'Century Gothic', serif\"><span style=\"font-size: small\">e bizzarrie della natura e oggetti artefatti dall\u2019uomo, <\/span><\/span><\/span><span style=\"color: #222222\"><span style=\"font-family: 'Century Gothic', serif\"><span style=\"font-size: small\">unici per la loro straordinariet\u00e0 agli occhi dei contemporanei, <\/span><\/span><\/span><span style=\"color: #222222\"><span style=\"font-family: 'Century Gothic', serif\"><span style=\"font-size: small\">componevano infatti<\/span><\/span><\/span><span style=\"color: #222222\"><span style=\"font-family: 'Century Gothic', serif\"><span style=\"font-size: small\"> l<\/span><\/span><\/span><span style=\"color: #222222\"><span style=\"font-family: 'Century Gothic', serif\"><span style=\"font-size: small\">e ricche collezioni di eruditi, scienziati e principi impegnati in una ricerca spasmodica e frenetica di ogni<\/span><\/span><\/span><span style=\"color: #222222\"><span style=\"font-family: 'Century Gothic', serif\"><span style=\"font-size: small\"><i> Mirabilia<\/i><\/span><\/span><\/span><span style=\"color: #222222\"><span style=\"font-family: 'Century Gothic', serif\"><span style=\"font-size: small\">.<\/span><\/span><\/span><\/p>\n<p align=\"JUSTIFY\"><span style=\"color: #222222\"><span style=\"font-family: 'Century Gothic', serif\"><span style=\"font-size: small\">Negli studioli delle curiosit\u00e0, nelle stanze delle meraviglie, nelle Kunst und Wunderkammer si raccolsero manufatti ai quali, non di rado, furono attribuiti poteri magici, taumaturgici, soprannaturali. Ed \u00e8 proprio questa \u00abStanza delle meraviglie\u00bb che gli Antiquari Milanesi ricreeranno, ripercorrendo l\u2019esperienza di eruditi e scienziati, nonch\u00e9 di grandi sovrani collezionisti (da Rodolfo II d\u2019Asburgo a Praga a Cristiano IV di Danimarca; da Ferdinando II, nel Tirolo, senza dimenticare i Farnese ed i Medici) che si adoperarono per costruire <\/span><\/span><\/span><span style=\"color: #222222\"><span style=\"font-family: 'Century Gothic', serif\"><span style=\"font-size: small\"><b>un microcosmo deputato alla contemplazione e alla meditazione<\/b><\/span><\/span><\/span><span style=\"color: #222222\"><span style=\"font-family: 'Century Gothic', serif\"><span style=\"font-size: small\">. <\/span><\/span><\/span><\/p>\n<p align=\"JUSTIFY\"><span style=\"color: #222222\"><span style=\"font-family: 'Century Gothic', serif\"><span style=\"font-size: small\">Un luogo che divenne un ideale specchio nel quale vedere riflessa l\u2019immagine del proprio essere, della propria potenza e grandezza e che oggi consente di approfondire la brama di conoscenza propria della biblioteca o del laboratorio alchemico, riscoprendo gusti e passioni di un tempo.<\/span><\/span><\/span><\/p>\n","protected":false},"excerpt":{"rendered":"<p>Dal 24 marzo al 7 aprile 2017 nelle gallerie degli antiquari aderenti all\u2019iniziativa Il bello delle scienze, della natura, dell\u2019arte. Una mostra tra Naturalia e Artificialia, per osservare tradizionali antichit\u00e0, cimeli storici e opere d\u2019arte, scoprendo curiosit\u00e0 naturali, rarit\u00e0 esotiche, manufatti straordinari. L\u2019Associazione Antiquari Milanesi presenta \u00abWunderkammer, La stanza delle meraviglie\u00bb, una mostra aperta dal [&hellip;]<\/p>\n","protected":false},"author":3407,"featured_media":0,"comment_status":"open","ping_status":"open","sticky":false,"template":"","format":"standard","meta":{"footnotes":""},"categories":[3],"tags":[11886],"class_list":["post-18463","post","type-post","status-publish","format-standard","hentry","category-arte-e-cultura","tag-antiquari-milanesi"],"_links":{"self":[{"href":"https:\/\/www.area-press.eu\/comunicatistampa\/wp-json\/wp\/v2\/posts\/18463","targetHints":{"allow":["GET"]}}],"collection":[{"href":"https:\/\/www.area-press.eu\/comunicatistampa\/wp-json\/wp\/v2\/posts"}],"about":[{"href":"https:\/\/www.area-press.eu\/comunicatistampa\/wp-json\/wp\/v2\/types\/post"}],"author":[{"embeddable":true,"href":"https:\/\/www.area-press.eu\/comunicatistampa\/wp-json\/wp\/v2\/users\/3407"}],"replies":[{"embeddable":true,"href":"https:\/\/www.area-press.eu\/comunicatistampa\/wp-json\/wp\/v2\/comments?post=18463"}],"version-history":[{"count":1,"href":"https:\/\/www.area-press.eu\/comunicatistampa\/wp-json\/wp\/v2\/posts\/18463\/revisions"}],"predecessor-version":[{"id":18464,"href":"https:\/\/www.area-press.eu\/comunicatistampa\/wp-json\/wp\/v2\/posts\/18463\/revisions\/18464"}],"wp:attachment":[{"href":"https:\/\/www.area-press.eu\/comunicatistampa\/wp-json\/wp\/v2\/media?parent=18463"}],"wp:term":[{"taxonomy":"category","embeddable":true,"href":"https:\/\/www.area-press.eu\/comunicatistampa\/wp-json\/wp\/v2\/categories?post=18463"},{"taxonomy":"post_tag","embeddable":true,"href":"https:\/\/www.area-press.eu\/comunicatistampa\/wp-json\/wp\/v2\/tags?post=18463"}],"curies":[{"name":"wp","href":"https:\/\/api.w.org\/{rel}","templated":true}]}}