{"id":18458,"date":"2017-03-15T03:50:56","date_gmt":"2017-03-15T02:50:56","guid":{"rendered":"http:\/\/www.area-press.eu\/comunicatistampa\/?p=18458"},"modified":"2017-03-15T03:50:56","modified_gmt":"2017-03-15T02:50:56","slug":"al-bano-concerto-al-casino-perla-in-vista-della-reunion-con-romina","status":"publish","type":"post","link":"https:\/\/www.area-press.eu\/comunicatistampa\/2017\/03\/15\/al-bano-concerto-al-casino-perla-in-vista-della-reunion-con-romina\/","title":{"rendered":"Al Bano: concerto al Casin\u00f2 Perla in vista della reunion con Romina"},"content":{"rendered":"<p>Nova Gorica, 14 marzo 2017 &#8211; Energia allo stato puro e una voce capace di straordinari virtuosismi: Al Bano, indiscusso protagonista della canzone melodica italiana, torna ad esibirsi al Perla Casin\u00f2 &amp; Hotel di Nova Gorica con un concerto in programma venerd\u00ec 24 marzo alle 22.<\/p>\n<p>Uno spettacolo da non perdere, caratterizzato da una continua alternanza di registri e di stili musicali, per ripercorrere pi\u00f9 di cinquant\u2019anni di carriera, costellati di successi: \u201cNel sole\u201d, la prima grande hit da solista del 1967, \u201cPensando a te\u201d, del 1969, e i duetti con la ex moglie Romina Power, diventati nel tempo vere e proprie pietre miliari della cultura popolare italiana, come \u201cFelicit\u00e0\u201d del 1982, \u201cCi sar\u00e0\u201d primo posto al Festival di Sanremo del 1984 e \u201cNostalgia canaglia\u201d del 1987. E ancora, le struggenti emozioni regalate dal ritorno sulle scene da solista, con interpretazioni di grande valore artistico come \u201c\u00c8 la mia vita\u201d del 1996, \u201cNel perdono\u201d del 2007 e \u201cDi rose e di spine\u201d, presentata all\u2019ultimo Festival di Sanremo e vincitrice del premio come \u201cMigliore arrangiamento\u201d.<\/p>\n<p>Amatissimo dal pubblico, che gli ha tributato anche un duraturo successo televisivo, Al Bano \u00e8 alfiere del bel canto nel mondo, dalla Russia agli Stati Uniti, dall\u2019America Latina al Giappone: ha cantato per Papa Giovanni Paolo II e si \u00e8 esibito insieme a Placido Domingo e Jos\u00e9 Carreras, dimostrando doti canore fuori dal comune. Tanti anche i riconoscimenti ufficiali: \u00e8 stato nominato da Kofi Annan Ambasciatore dell\u2019ONU contro la droga e dal 2001 \u00e8 Ambasciatore di buona volont\u00e0 per la FAO. Il concerto a Nova Gorica anticipa la reunion con Romina, prevista per la prossima estate.<\/p>\n","protected":false},"excerpt":{"rendered":"<p>Nova Gorica, 14 marzo 2017 &#8211; Energia allo stato puro e una voce capace di straordinari virtuosismi: Al Bano, indiscusso protagonista della canzone melodica italiana, torna ad esibirsi al Perla Casin\u00f2 &amp; Hotel di Nova Gorica con un concerto in programma venerd\u00ec 24 marzo alle 22. Uno spettacolo da non perdere, caratterizzato da una continua [&hellip;]<\/p>\n","protected":false},"author":49,"featured_media":0,"comment_status":"open","ping_status":"open","sticky":false,"template":"","format":"standard","meta":{"footnotes":""},"categories":[12,17],"tags":[11414,9316,3582,721,3495],"class_list":["post-18458","post","type-post","status-publish","format-standard","hentry","category-musica","category-turismo","tag-al-bano","tag-casino-perla","tag-concerto","tag-musica","tag-nova-gorica"],"_links":{"self":[{"href":"https:\/\/www.area-press.eu\/comunicatistampa\/wp-json\/wp\/v2\/posts\/18458","targetHints":{"allow":["GET"]}}],"collection":[{"href":"https:\/\/www.area-press.eu\/comunicatistampa\/wp-json\/wp\/v2\/posts"}],"about":[{"href":"https:\/\/www.area-press.eu\/comunicatistampa\/wp-json\/wp\/v2\/types\/post"}],"author":[{"embeddable":true,"href":"https:\/\/www.area-press.eu\/comunicatistampa\/wp-json\/wp\/v2\/users\/49"}],"replies":[{"embeddable":true,"href":"https:\/\/www.area-press.eu\/comunicatistampa\/wp-json\/wp\/v2\/comments?post=18458"}],"version-history":[{"count":1,"href":"https:\/\/www.area-press.eu\/comunicatistampa\/wp-json\/wp\/v2\/posts\/18458\/revisions"}],"predecessor-version":[{"id":18460,"href":"https:\/\/www.area-press.eu\/comunicatistampa\/wp-json\/wp\/v2\/posts\/18458\/revisions\/18460"}],"wp:attachment":[{"href":"https:\/\/www.area-press.eu\/comunicatistampa\/wp-json\/wp\/v2\/media?parent=18458"}],"wp:term":[{"taxonomy":"category","embeddable":true,"href":"https:\/\/www.area-press.eu\/comunicatistampa\/wp-json\/wp\/v2\/categories?post=18458"},{"taxonomy":"post_tag","embeddable":true,"href":"https:\/\/www.area-press.eu\/comunicatistampa\/wp-json\/wp\/v2\/tags?post=18458"}],"curies":[{"name":"wp","href":"https:\/\/api.w.org\/{rel}","templated":true}]}}