{"id":18457,"date":"2017-03-15T03:50:56","date_gmt":"2017-03-15T02:50:56","guid":{"rendered":"http:\/\/www.area-press.eu\/comunicatistampa\/?p=18457"},"modified":"2017-03-15T03:50:56","modified_gmt":"2017-03-15T02:50:56","slug":"blindando-si-rinnova","status":"publish","type":"post","link":"https:\/\/www.area-press.eu\/comunicatistampa\/2017\/03\/15\/blindando-si-rinnova\/","title":{"rendered":"BLINDANDO SI RINNOVA"},"content":{"rendered":"<p style=\"text-align: center\"><img decoding=\"async\" src=\"http:\/\/www.blindando.com\/images\/stories\/logo.png\" \/><\/p>\n<p>Blindando,\u00a0 il punto di riferimento pi\u00f9 importante in Italia nella vendita al dettaglio ed alla distribuzione di portoni blindati, porte per interno ed esterno, infissi in pvc ed accessori, si rif\u00e0 il look con il restyling del suo e-commerce, e passa dal .it al .com rivolgendosi ad un pubblico molto pi\u00f9 ampio.<\/p>\n<p>Il nuovo e-commerce sar\u00e0 realizzato in almeno quattro lingue e permetter\u00e0 agli utenti un rapido approccio all&#8217;acquisto, inoltre saranno disponibili diversi listini, a seconda del tipo di utente registrato, per cui Blindando unisce il B2C al B2B. I prezzi pi\u00f9 competitivi e la qualit\u00e0 pi\u00f9 alta del web finalmente alla portata di tutti. Gli infissi della DRUTEX portano\u00a0 Blindando nella top 5 dei migliori rivenditori del settore.<\/p>\n<p>Il lancio della nuova piattaforma \u00e8 preceduto da offerte sensazionali sui maggiori socials network, con sconti fino al 50%.<\/p>\n<p>Lo staff di Blindando \u00e8 rappresentato da vari professionisti interni ed esterni con competenze altamente specializzate, ognuno nel settore di appartenenza. L\u2019obiettivo primario, per tutto il gruppo di lavoro, \u00e8 la soddisfazione del cliente finale.<\/p>\n<div class=\"row\">\n<div class=\"col-md-12 text-justify\">\n<p class=\"lead\"><strong>Dal 1998<\/strong> Blindando \u00e8 presente, con passione e competenza sul mercato dei <a href=\"https:\/\/shop.blindando.it\/portoni-blindati.html\"> <strong>Portoni Blindati<\/strong> <\/a> e delle <a href=\"https:\/\/shop.blindando.it\/porte-interne.html\"> <strong>Porte<\/strong> <\/a> offrendo alla propria clientela il suo know-how per quanto concerne <strong>Sicurezza<\/strong>, <strong>Protezione<\/strong>, <strong>Design<\/strong> e <strong>Vivibilit\u00e0<\/strong> della casa.<\/p>\n<div class=\"row\">\n<div class=\"col-md-12 text-justify\">\n<div class=\"lead\">\n<p>I feedback positivi dei clienti consentono a Blindando di acquisire ogni giorno in pi\u00f9 una forza straordinaria e una fiducia nei propri mezzi incomparabile.<\/p>\n<p>Questa consapevolezza delle loro possibilit\u00e0 gli consente ogni giorno di raccogliere le sfide di un mercato, stravolto da questa lunga crisi, equiparabile ad una giungla dove solo i pi\u00f9 forti riescono a sopravvivere ed \u00e8 per questo che il logo rappresenta un <strong>TYRANNOSAURUS REX<\/strong> ed il loro motto, mai cosi appropriato, \u00e8<\/p>\n<p align=\"center\"><strong> &#8216;LA SICUREZZA DEI FORTI&#8217; <\/strong>.<\/p>\n<p style=\"text-align: left\" align=\"center\">Per cui, ad aprile, non ci resta che andare su https:\/\/www.blindando.com per acquistare in tutta sicurezza, attraverso il protocollo SSL, il nostro portone blindato e rendere la nostra casa pi\u00f9 sicura.<\/p>\n<\/div>\n<\/div>\n<\/div>\n<\/div>\n<\/div>\n","protected":false},"excerpt":{"rendered":"<p>Blindando,\u00a0 il punto di riferimento pi\u00f9 importante in Italia nella vendita al dettaglio ed alla distribuzione di portoni blindati, porte per interno ed esterno, infissi in pvc ed accessori, si rif\u00e0 il look con il restyling del suo e-commerce, e passa dal .it al .com rivolgendosi ad un pubblico molto pi\u00f9 ampio. Il nuovo e-commerce [&hellip;]<\/p>\n","protected":false},"author":4112,"featured_media":0,"comment_status":"open","ping_status":"open","sticky":false,"template":"","format":"standard","meta":{"footnotes":""},"categories":[29],"tags":[],"class_list":["post-18457","post","type-post","status-publish","format-standard","hentry","category-comunicati"],"_links":{"self":[{"href":"https:\/\/www.area-press.eu\/comunicatistampa\/wp-json\/wp\/v2\/posts\/18457","targetHints":{"allow":["GET"]}}],"collection":[{"href":"https:\/\/www.area-press.eu\/comunicatistampa\/wp-json\/wp\/v2\/posts"}],"about":[{"href":"https:\/\/www.area-press.eu\/comunicatistampa\/wp-json\/wp\/v2\/types\/post"}],"author":[{"embeddable":true,"href":"https:\/\/www.area-press.eu\/comunicatistampa\/wp-json\/wp\/v2\/users\/4112"}],"replies":[{"embeddable":true,"href":"https:\/\/www.area-press.eu\/comunicatistampa\/wp-json\/wp\/v2\/comments?post=18457"}],"version-history":[{"count":1,"href":"https:\/\/www.area-press.eu\/comunicatistampa\/wp-json\/wp\/v2\/posts\/18457\/revisions"}],"predecessor-version":[{"id":18459,"href":"https:\/\/www.area-press.eu\/comunicatistampa\/wp-json\/wp\/v2\/posts\/18457\/revisions\/18459"}],"wp:attachment":[{"href":"https:\/\/www.area-press.eu\/comunicatistampa\/wp-json\/wp\/v2\/media?parent=18457"}],"wp:term":[{"taxonomy":"category","embeddable":true,"href":"https:\/\/www.area-press.eu\/comunicatistampa\/wp-json\/wp\/v2\/categories?post=18457"},{"taxonomy":"post_tag","embeddable":true,"href":"https:\/\/www.area-press.eu\/comunicatistampa\/wp-json\/wp\/v2\/tags?post=18457"}],"curies":[{"name":"wp","href":"https:\/\/api.w.org\/{rel}","templated":true}]}}