{"id":18443,"date":"2017-03-15T03:50:55","date_gmt":"2017-03-15T02:50:55","guid":{"rendered":"http:\/\/www.area-press.eu\/comunicatistampa\/?p=18443"},"modified":"2017-03-15T03:50:55","modified_gmt":"2017-03-15T02:50:55","slug":"bertrand-schmitt-direttore-operativo-di-hager-group-lascera-lazienda-il-15-aprile-2017","status":"publish","type":"post","link":"https:\/\/www.area-press.eu\/comunicatistampa\/2017\/03\/15\/bertrand-schmitt-direttore-operativo-di-hager-group-lascera-lazienda-il-15-aprile-2017\/","title":{"rendered":"Bertrand Schmitt, Direttore Operativo di Hager Group, lascer\u00e0 l\u2019azienda il 15 aprile 2017"},"content":{"rendered":"<table>\n<tbody>\n<tr>\n<td><em>Dopo 22 anni con il Gruppo Hager, membro del Consiglio di Amministrazione e Chief Operating Officer, Bertrand Schmitt continuer\u00e0 la sua brillante carriera professionale fuori dal Gruppo come Amministratore delegato di un\u2019altra organizzazione.<\/em><\/p>\n<p><u>Daniel Hager<\/u>, Amministratore delegato di Hager Group commenta: <em>\u201cdesideriamo ringraziare Bertrand Schmitt per la dedizione e il contributo apportato in questi anni al successo dell\u2019azienda, augurandogli il meglio per il nuovo incarico\u201d.<\/em><\/p>\n<p>Il ruolo di Direttore Operativo non sar\u00e0 sostituito, Hager Group nominer\u00e0 un Comitato di Direzione che assister\u00e0 il Consiglio di Amministrazione per le attivit\u00e0 operative e strategiche essenziali per il raggiungimento di nuovi obiettivi ambiziosi come continuare a essere l\u2019azienda di riferimento nel settore delle apparecchiature e delle soluzioni elettriche.<\/p>\n<p>Il Comitato di Direzione sar\u00e0 composto dal CEO Daniel Hager, che ne sar\u00e0 a capo, due membri del Cda Philippe Ferragu (CGRO) e Franck Houdebert (CHRO) e tre dei massimi dirigenti: Fran\u00e7ois Lhomme (Senior Vice President Engineering &amp; Operations), Mike Elbers (SVP Region Europe) e Pascal Dubreucq (SVP Region APAC \u2013 Asia, Pacific, Australia, China).<\/td>\n<\/tr>\n<\/tbody>\n<\/table>\n","protected":false},"excerpt":{"rendered":"<p>Dopo 22 anni con il Gruppo Hager, membro del Consiglio di Amministrazione e Chief Operating Officer, Bertrand Schmitt continuer\u00e0 la sua brillante carriera professionale fuori dal Gruppo come Amministratore delegato di un\u2019altra organizzazione. Daniel Hager, Amministratore delegato di Hager Group commenta: \u201cdesideriamo ringraziare Bertrand Schmitt per la dedizione e il contributo apportato in questi anni [&hellip;]<\/p>\n","protected":false},"author":1326,"featured_media":0,"comment_status":"open","ping_status":"open","sticky":false,"template":"","format":"standard","meta":{"footnotes":""},"categories":[29],"tags":[11876],"class_list":["post-18443","post","type-post","status-publish","format-standard","hentry","category-comunicati","tag-hager-group"],"_links":{"self":[{"href":"https:\/\/www.area-press.eu\/comunicatistampa\/wp-json\/wp\/v2\/posts\/18443","targetHints":{"allow":["GET"]}}],"collection":[{"href":"https:\/\/www.area-press.eu\/comunicatistampa\/wp-json\/wp\/v2\/posts"}],"about":[{"href":"https:\/\/www.area-press.eu\/comunicatistampa\/wp-json\/wp\/v2\/types\/post"}],"author":[{"embeddable":true,"href":"https:\/\/www.area-press.eu\/comunicatistampa\/wp-json\/wp\/v2\/users\/1326"}],"replies":[{"embeddable":true,"href":"https:\/\/www.area-press.eu\/comunicatistampa\/wp-json\/wp\/v2\/comments?post=18443"}],"version-history":[{"count":1,"href":"https:\/\/www.area-press.eu\/comunicatistampa\/wp-json\/wp\/v2\/posts\/18443\/revisions"}],"predecessor-version":[{"id":18444,"href":"https:\/\/www.area-press.eu\/comunicatistampa\/wp-json\/wp\/v2\/posts\/18443\/revisions\/18444"}],"wp:attachment":[{"href":"https:\/\/www.area-press.eu\/comunicatistampa\/wp-json\/wp\/v2\/media?parent=18443"}],"wp:term":[{"taxonomy":"category","embeddable":true,"href":"https:\/\/www.area-press.eu\/comunicatistampa\/wp-json\/wp\/v2\/categories?post=18443"},{"taxonomy":"post_tag","embeddable":true,"href":"https:\/\/www.area-press.eu\/comunicatistampa\/wp-json\/wp\/v2\/tags?post=18443"}],"curies":[{"name":"wp","href":"https:\/\/api.w.org\/{rel}","templated":true}]}}