{"id":18435,"date":"2017-03-14T15:27:02","date_gmt":"2017-03-14T14:27:02","guid":{"rendered":"http:\/\/www.area-press.eu\/comunicatistampa\/?p=18435"},"modified":"2017-03-14T15:27:02","modified_gmt":"2017-03-14T14:27:02","slug":"domenica-19-marzo-al-cc-la-favorita-un-premio-a-chi-piace-ma-soprattutto-a-chi-usa-i-social-per-lanciare-un-messaggio-contro-la-violenza","status":"publish","type":"post","link":"https:\/\/www.area-press.eu\/comunicatistampa\/2017\/03\/14\/domenica-19-marzo-al-cc-la-favorita-un-premio-a-chi-piace-ma-soprattutto-a-chi-usa-i-social-per-lanciare-un-messaggio-contro-la-violenza\/","title":{"rendered":"DOMENICA 19 MARZO AL CC LA FAVORITA UN PREMIO A CHI PIACE\u2026  MA SOPRATTUTTO A CHI  USA I SOCIAL PER LANCIARE UN MESSAGGIO  CONTRO LA VIOLENZA"},"content":{"rendered":"<p><strong>DOMENICA 19 MARZO UN PREMIO A CHI PIACE\u2026<\/strong><\/p>\n<p><strong>MA SOPRATTUTTO A CHI\u00a0 USA I SOCIAL PER LANCIARE UN MESSAGGIO <\/strong><\/p>\n<p><strong>CONTRO LA VIOLENZA<\/strong><\/p>\n<p><strong>\u00a0<\/strong><\/p>\n<p><strong>E naturalmente non pu\u00f2 mancare un pensiero per tutti i pap\u00e0\u2026<\/strong><\/p>\n<p>Giornata di premiazioni domenica 19 marzo a La Favorita. Meritano infatti un riconoscimento coloro che hanno colto l\u2019invito a pubblicare la propria foto e ad utilizzare la propria immagine per promuovere eventi, ma anche per lanciare messaggi importanti.<\/p>\n<p>Come in occasione del social contest<em> per dire NO alla violenza sulle donne<\/em>, in occasione dell\u2019iniziativa valore al Merito e dell\u20198 Marzo: bastava scattarsi un selfie presso i totem con l\u2019immagine #bastaviolenza e pubblicarla sulla pagina Facebook del centro commerciale La Favorita con l\u2019hashtag #bastaviolenza.<\/p>\n<p>I selfie sono stati pubblicati e alla foto che ha ricevuto il numero maggiore di <em>mi piace<\/em>, verr\u00e0 assegnato un premio speciale, domenica 19 marzo alle ore 17:30.<\/p>\n<p>Le foto sono davvero tantissime: ragazze, ragazzi, bambini, donne e uomini\u2026tante persone di ogni et\u00e0 che hanno voluto fare questo piccolo ma significativo gesto simbolico per lanciare un messaggio, per dare vita ad un grande coro di no contro la violenza.<\/p>\n<p>Sar\u00e0 anche l\u2019occasione per consegnare un riconoscimento speciale a Francesco e Manuela del negozio PIAZZA ITALIA, per aver ricevuto il maggior numero di like in occasione del contest che si \u00e8 svolto nelle scorse settimane, dedicato alla miglior vetrina del centro La Favorita e ai commessi pi\u00f9 belli e simpatici.<\/p>\n<p>E non pu\u00f2 naturalmente mancare un pensiero speciale per la Festa del Pap\u00e0: le mascotte del centro, Favo e Rita, abbracceranno tutti i pap\u00e0 in galleria&#8230;un momento di simpatia per tutti i bambini con foto e animazioni.<\/p>\n<p>E infine mega spettacolo di Burattini con il maestro burattinaio pi\u00f9 amato della nostra citt\u00e0.<\/p>\n<p>&nbsp;<\/p>\n","protected":false},"excerpt":{"rendered":"<p>DOMENICA 19 MARZO UN PREMIO A CHI PIACE\u2026 MA SOPRATTUTTO A CHI\u00a0 USA I SOCIAL PER LANCIARE UN MESSAGGIO CONTRO LA VIOLENZA \u00a0 E naturalmente non pu\u00f2 mancare un pensiero per tutti i pap\u00e0\u2026 Giornata di premiazioni domenica 19 marzo a La Favorita. Meritano infatti un riconoscimento coloro che hanno colto l\u2019invito a pubblicare la [&hellip;]<\/p>\n","protected":false},"author":3395,"featured_media":0,"comment_status":"open","ping_status":"open","sticky":false,"template":"","format":"standard","meta":{"footnotes":""},"categories":[29],"tags":[],"class_list":["post-18435","post","type-post","status-publish","format-standard","hentry","category-comunicati"],"_links":{"self":[{"href":"https:\/\/www.area-press.eu\/comunicatistampa\/wp-json\/wp\/v2\/posts\/18435","targetHints":{"allow":["GET"]}}],"collection":[{"href":"https:\/\/www.area-press.eu\/comunicatistampa\/wp-json\/wp\/v2\/posts"}],"about":[{"href":"https:\/\/www.area-press.eu\/comunicatistampa\/wp-json\/wp\/v2\/types\/post"}],"author":[{"embeddable":true,"href":"https:\/\/www.area-press.eu\/comunicatistampa\/wp-json\/wp\/v2\/users\/3395"}],"replies":[{"embeddable":true,"href":"https:\/\/www.area-press.eu\/comunicatistampa\/wp-json\/wp\/v2\/comments?post=18435"}],"version-history":[{"count":3,"href":"https:\/\/www.area-press.eu\/comunicatistampa\/wp-json\/wp\/v2\/posts\/18435\/revisions"}],"predecessor-version":[{"id":18438,"href":"https:\/\/www.area-press.eu\/comunicatistampa\/wp-json\/wp\/v2\/posts\/18435\/revisions\/18438"}],"wp:attachment":[{"href":"https:\/\/www.area-press.eu\/comunicatistampa\/wp-json\/wp\/v2\/media?parent=18435"}],"wp:term":[{"taxonomy":"category","embeddable":true,"href":"https:\/\/www.area-press.eu\/comunicatistampa\/wp-json\/wp\/v2\/categories?post=18435"},{"taxonomy":"post_tag","embeddable":true,"href":"https:\/\/www.area-press.eu\/comunicatistampa\/wp-json\/wp\/v2\/tags?post=18435"}],"curies":[{"name":"wp","href":"https:\/\/api.w.org\/{rel}","templated":true}]}}