{"id":18420,"date":"2017-03-14T15:25:59","date_gmt":"2017-03-14T14:25:59","guid":{"rendered":"http:\/\/www.area-press.eu\/comunicatistampa\/?p=18420"},"modified":"2017-03-14T15:25:59","modified_gmt":"2017-03-14T14:25:59","slug":"valeria-ventura-ed-i-suoi-sospiri-liberi","status":"publish","type":"post","link":"https:\/\/www.area-press.eu\/comunicatistampa\/2017\/03\/14\/valeria-ventura-ed-i-suoi-sospiri-liberi\/","title":{"rendered":"Valeria Ventura ed i suoi \u201cSospiri Liberi\u201d"},"content":{"rendered":"<p style=\"text-align: center\"><strong>In promozione radiofonica \u00a0e sul web \u00a0il singolo della cantante padovana<\/strong> <em><strong>\u00a0<\/strong><\/em><\/p>\n<p><iframe loading=\"lazy\" title=\"Valeria Ventura - Sospiri Liberi\" width=\"500\" height=\"281\" src=\"https:\/\/www.youtube.com\/embed\/6e_YL-eOQvQ?feature=oembed\" frameborder=\"0\" allow=\"accelerometer; autoplay; clipboard-write; encrypted-media; gyroscope; picture-in-picture; web-share\" referrerpolicy=\"strict-origin-when-cross-origin\" allowfullscreen><\/iframe><\/p>\n<p><strong>\u00a0<\/strong>Un bel brano scorrevole ed incisivo questo \u00e8 <strong>\u201cSospiri Liberi\u201d<\/strong> \u00a0il singolo che l\u2019artista di Padova presenta all\u2019attenzione degli ascoltatori delle radio e degli addetti ai lavori. Una nuova proposta di un artista emergente che dimostra gi\u00e0 tanta personalit\u00e0 e professionalit\u00e0. Grinta e voce le sue principali caratteristiche.<br \/>\n<strong>Valeria Ventura<\/strong> nasce a Padova il 30 Gennaio del 1996.<br \/>\nFin da piccola prova una forte attrazione per il mondo musicale e all\u2019et\u00e0 di dieci anni inizia a studiare canto da autodidatta, pubblicando video amatoriali su Youtube.<br \/>\nCompiuti gli undici anni inizia il contatto con il \u00a0pianoforte assistita dalla\u00a0 maestra Francesca Venzo, con la quale studier\u00e0 lo strumento per i seguenti cinque anni, senza mai perdere la sua dedizione per il canto.<br \/>\nAll\u2019et\u00e0 di quindici \u00a0anni, infatti, ne intraprende il cammino vero e proprio, studiando dapprima alla scuola di musica \u201cSweet Basil\u201d, poi con il \u00a0maestro Marco Giordano, infine e tutt\u2019ora con la maestra e nota cantante <strong>Chiara Luppi<\/strong>.<br \/>\nNel frattempo, nella scuola che frequenta (Liceo Artistico A. Modigliani di Padova) segue un corso teatrale, entrando in una compagnia con la quale parteciper\u00e0 a rassegne teatrali e spettacoli.<br \/>\nNel corso di questi ultimi cinque \u00a0anni, Valeria partecipa a vari concorsi canori, tra cui ricordiamo lo \u201cZuccone d\u2019Oro\u201d, concorso basato sul live show e nel quale arriva finalista; \u201cX-Fuck\u201d (o \u201cCantag\u00f9\u201d), concorso telefonico indetto da <strong>Radio Deejay<\/strong> con Guglielmo Scilla \u2013 Alias Willwoosh \u2013 (nel quale si classifica prima) vincendo la possibilit\u00e0 di andare in radio nel Settembre dell\u2019anno successivo e cantare la sigla del programma e \u201cTour Music Fest\u201d, attraverso il quale frequenter\u00e0 uno stage di tre giorni presso la \u201cTenuta dei Ciclamini\u201d sede del CET, con intense ore di studio musicale, compositivo e molto altro, assieme a nomi importanti quali Francesco Gazz\u00e8 e Simone Empler.<br \/>\nNel 2013 entra a far parte del noto coro gospel \u201cSummertime Choir\u201d con il quale ancora oggi \u00e8 impegnata\u00a0 partecipando a concerti e serate.<br \/>\nNel 2015 Valeria intraprende anche l\u2019arte della danza iscrivendosi \u00a0ad un corso nella disciplina \u00a0HipHop.<br \/>\nNel 2016 firma il suo primo contratto discografico con la Ghiro Records \u00a0e da qui le su prime esperienze ufficiali nel mondo della discografia italiana .<br \/>\n<strong>\u201cSospiri Liberi\u201d<\/strong> \u00e8 il lancio radiofonico che affronta per la prima volta il complesso mondo mediatico della musica italiana.<\/p>\n<p><strong><em>Press, radio, Tv Agency<\/em><\/strong><strong><em><br \/>\nDCOD Communication By GB Play<br \/>\n<\/em><\/strong><a href=\"http:\/\/email.mediasender.it\/mpss\/c\/2AA\/b4sPAA\/t.1zm\/i8SexBOKQbKiIpIdHwpMyQ\/h1\/7zw2YiPbk5L6Shr0KtuZOxwBWzdbthqoGOGu4pzxXfB95SB1q1rmf9r1bdg5Z1eEJxOD6q6-2BF8-2Fb9CZ-2FYZSsqKFWCZQicwtu-2FM33XJxzSssqH2g4MLo-2FdJ8sfmVHgXNCflFO-2BEfTHzncEJSr4a9VWKU8I-2FOna0fLkwZM2-2FP4MBCaOdJFZVeUo4dRrQL7tFlMQyUAzURlvoCJa7XdC7WSu-2FqePe-2BNzuyU5T1XvlFCwmiGd-2Fpgqu3yOMT-2FqrHJ5HRWUVlorcibFfEQY7UVpF5hZg-3D-3D\">promoradio@dcodcommunication.it<br \/>\n<\/a><a href=\"http:\/\/email.mediasender.it\/mpss\/c\/2AA\/b4sPAA\/t.1zm\/i8SexBOKQbKiIpIdHwpMyQ\/h2\/7zw2YiPbk5L6Shr0KtuZOxwBWzdbthqoGOGu4pzxXfB95SB1q1rmf9r1bdg5Z1eEJxOD6q6-2BF8-2Fb9CZ-2FYZSsqKFWCZQicwtu-2FM33XJxzSsvxAAmhlhqPCwcrFQv23Iso26TiXzndwBz-2B2iUERBYIOjWunM0Y20-2BUkbgipQGzK8aIotCcPpPAk401AEfCBdOk-2BU-2Bv0dxNrcphbnEQYsAHS4XOGwHEtkcXl1PmV6fYUcTObOI7ooDQYKOyDaZPzweFz3BwZcz-2BXRi6XG0WsAKOlQ-3D-3D\">promostampa@dcocommunication.it<\/a><\/p>\n","protected":false},"excerpt":{"rendered":"<p>In promozione radiofonica \u00a0e sul web \u00a0il singolo della cantante padovana \u00a0 \u00a0Un bel brano scorrevole ed incisivo questo \u00e8 \u201cSospiri Liberi\u201d \u00a0il singolo che l\u2019artista di Padova presenta all\u2019attenzione degli ascoltatori delle radio e degli addetti ai lavori. Una nuova proposta di un artista emergente che dimostra gi\u00e0 tanta personalit\u00e0 e professionalit\u00e0. Grinta e [&hellip;]<\/p>\n","protected":false},"author":331,"featured_media":0,"comment_status":"open","ping_status":"open","sticky":false,"template":"","format":"standard","meta":{"footnotes":""},"categories":[12],"tags":[5227,723,5038,2365],"class_list":["post-18420","post","type-post","status-publish","format-standard","hentry","category-musica","tag-radio","tag-news","tag-pop","tag-singolo"],"_links":{"self":[{"href":"https:\/\/www.area-press.eu\/comunicatistampa\/wp-json\/wp\/v2\/posts\/18420","targetHints":{"allow":["GET"]}}],"collection":[{"href":"https:\/\/www.area-press.eu\/comunicatistampa\/wp-json\/wp\/v2\/posts"}],"about":[{"href":"https:\/\/www.area-press.eu\/comunicatistampa\/wp-json\/wp\/v2\/types\/post"}],"author":[{"embeddable":true,"href":"https:\/\/www.area-press.eu\/comunicatistampa\/wp-json\/wp\/v2\/users\/331"}],"replies":[{"embeddable":true,"href":"https:\/\/www.area-press.eu\/comunicatistampa\/wp-json\/wp\/v2\/comments?post=18420"}],"version-history":[{"count":1,"href":"https:\/\/www.area-press.eu\/comunicatistampa\/wp-json\/wp\/v2\/posts\/18420\/revisions"}],"predecessor-version":[{"id":18421,"href":"https:\/\/www.area-press.eu\/comunicatistampa\/wp-json\/wp\/v2\/posts\/18420\/revisions\/18421"}],"wp:attachment":[{"href":"https:\/\/www.area-press.eu\/comunicatistampa\/wp-json\/wp\/v2\/media?parent=18420"}],"wp:term":[{"taxonomy":"category","embeddable":true,"href":"https:\/\/www.area-press.eu\/comunicatistampa\/wp-json\/wp\/v2\/categories?post=18420"},{"taxonomy":"post_tag","embeddable":true,"href":"https:\/\/www.area-press.eu\/comunicatistampa\/wp-json\/wp\/v2\/tags?post=18420"}],"curies":[{"name":"wp","href":"https:\/\/api.w.org\/{rel}","templated":true}]}}