{"id":18339,"date":"2017-03-13T14:55:14","date_gmt":"2017-03-13T13:55:14","guid":{"rendered":"http:\/\/www.area-press.eu\/comunicatistampa\/?p=18339"},"modified":"2017-03-13T14:55:14","modified_gmt":"2017-03-13T13:55:14","slug":"immobiliare-it-scende-in-strada-con-la-sua-prima-campagna-outdoor","status":"publish","type":"post","link":"https:\/\/www.area-press.eu\/comunicatistampa\/2017\/03\/13\/immobiliare-it-scende-in-strada-con-la-sua-prima-campagna-outdoor\/","title":{"rendered":"Immobiliare.it scende in strada con la sua prima campagna outdoor"},"content":{"rendered":"<p>Per la <strong>prima volta<\/strong> Immobiliare.it (<a href=\"http:\/\/www.immobiliare.it\">http:\/\/www.immobiliare.it<\/a>), il portale di annunci immobiliari leader in Italia, scende in strada con un\u2019impattante <strong>campagna di affissioni<\/strong>. La creativit\u00e0 \u00e8 incentrata sulla <strong>ricerca degli immobili su mappa<\/strong>, che proprio Immobiliare.it ha portato in Europa per primo. Nelle <strong>23 citt\u00e0<\/strong> scelte per la campagna saranno presenti manifesti statici e luminosi, affissioni su autobus, metropolitane e cartelloni di arredo urbano su pensiline. La pianificazione \u00e8 stata curata da <strong>IGPDecaux<\/strong>, leader in Italia per la comunicazione esterna.<\/p>\n<p>\u00ab<em>Non \u00e8 un caso che abbiamo scelto proprio questo momento storico per la nostra prima campagna di affissioni &#8211; <\/em>afferma <strong>Carlo Giordano<\/strong>, Amministratore Delegato di Immobiliare.it SpA &#8211; <em>Il mercato in ripresa sta portando sempre pi\u00f9 italiani a cercare casa: con questa attivit\u00e0 abbiamo la possibilit\u00e0 di raggiungerli in modo immediato puntando a una delle funzioni del sito e della nostra App pi\u00f9 forti e apprezzate dagli utenti, la ricerca degli annunci su mappa che noi stessi, per primi, abbiamo portato in Europa<\/em>\u00bb.<\/p>\n<p>I cartelloni, su sfondo bianco o blu, ritraggono una mano che disegna sullo schermo di uno smartphone l\u2019area di ricerca sulla mappa della citt\u00e0, trovando cos\u00ec tutti gli annunci presenti nella zona in cui si desidera abitare. All\u2019immagine si accompagnano <strong>due tipi di messaggio, personalizzati per le grandi citt\u00e0 e differenziati per i due target del sito<\/strong>. A chi sta cercando casa viene rivolto un invito: \u201cTrova qui la tua prossima casa\u201d; agli operatori professionali si evidenzia che Immobiliare.it \u00e8 il pi\u00f9 grande marketplace di annunci in Italia su cui poter contare, con oltre un milione di annunci on-line.<\/p>\n<p>La campagna, partita in questi giorni, durer\u00e0 <strong>da due a quattro settimane<\/strong>, a seconda del capoluogo.<\/p>\n<p>Queste le <strong>23 citt\u00e0 scelte<\/strong> per la comunicazione: Roma, Milano, Torino, Bologna, Genova, Napoli, Bergamo, Mantova, Pavia, Venezia e Mestre, Treviso, Verona, Trieste, Modena, Parma, Rimini, Reggio Emilia, Ferrara, Ravenna, Pisa, Lucca, Pistoia e Siena.<\/p>\n","protected":false},"excerpt":{"rendered":"<p>Per la prima volta Immobiliare.it (http:\/\/www.immobiliare.it), il portale di annunci immobiliari leader in Italia, scende in strada con un\u2019impattante campagna di affissioni. La creativit\u00e0 \u00e8 incentrata sulla ricerca degli immobili su mappa, che proprio Immobiliare.it ha portato in Europa per primo. Nelle 23 citt\u00e0 scelte per la campagna saranno presenti manifesti statici e luminosi, affissioni [&hellip;]<\/p>\n","protected":false},"author":4033,"featured_media":0,"comment_status":"open","ping_status":"open","sticky":false,"template":"","format":"standard","meta":{"footnotes":""},"categories":[29],"tags":[],"class_list":["post-18339","post","type-post","status-publish","format-standard","hentry","category-comunicati"],"_links":{"self":[{"href":"https:\/\/www.area-press.eu\/comunicatistampa\/wp-json\/wp\/v2\/posts\/18339","targetHints":{"allow":["GET"]}}],"collection":[{"href":"https:\/\/www.area-press.eu\/comunicatistampa\/wp-json\/wp\/v2\/posts"}],"about":[{"href":"https:\/\/www.area-press.eu\/comunicatistampa\/wp-json\/wp\/v2\/types\/post"}],"author":[{"embeddable":true,"href":"https:\/\/www.area-press.eu\/comunicatistampa\/wp-json\/wp\/v2\/users\/4033"}],"replies":[{"embeddable":true,"href":"https:\/\/www.area-press.eu\/comunicatistampa\/wp-json\/wp\/v2\/comments?post=18339"}],"version-history":[{"count":1,"href":"https:\/\/www.area-press.eu\/comunicatistampa\/wp-json\/wp\/v2\/posts\/18339\/revisions"}],"predecessor-version":[{"id":18340,"href":"https:\/\/www.area-press.eu\/comunicatistampa\/wp-json\/wp\/v2\/posts\/18339\/revisions\/18340"}],"wp:attachment":[{"href":"https:\/\/www.area-press.eu\/comunicatistampa\/wp-json\/wp\/v2\/media?parent=18339"}],"wp:term":[{"taxonomy":"category","embeddable":true,"href":"https:\/\/www.area-press.eu\/comunicatistampa\/wp-json\/wp\/v2\/categories?post=18339"},{"taxonomy":"post_tag","embeddable":true,"href":"https:\/\/www.area-press.eu\/comunicatistampa\/wp-json\/wp\/v2\/tags?post=18339"}],"curies":[{"name":"wp","href":"https:\/\/api.w.org\/{rel}","templated":true}]}}