{"id":18308,"date":"2017-03-10T15:34:13","date_gmt":"2017-03-10T14:34:13","guid":{"rendered":"http:\/\/www.area-press.eu\/comunicatistampa\/?p=18308"},"modified":"2017-03-10T15:34:13","modified_gmt":"2017-03-10T14:34:13","slug":"claudio-descalzi-ad-di-eni-societa-piu-forte-italia-al-centro-strategie","status":"publish","type":"post","link":"https:\/\/www.area-press.eu\/comunicatistampa\/2017\/03\/10\/claudio-descalzi-ad-di-eni-societa-piu-forte-italia-al-centro-strategie\/","title":{"rendered":"Claudio Descalzi, AD di Eni: \u201cSociet\u00e0 pi\u00f9 forte, Italia al centro strategie\u201d"},"content":{"rendered":"<p><em><strong>Eni supera i propri competitor nel numero di scoperte e passa lo stress-test. La societ\u00e0, amministrata da <a href=\"https:\/\/www.xing.com\/profile\/Claudio_Descalzi\" title=\"Claudio Descalzi - Profilo Xing\">Claudio Descalzi<\/a>, conferma nel frattempo gli investimenti in Italia e il ruolo chiave del nostro Paese come sede principale del Know-how della societ\u00e0.<\/strong><\/em><\/p>\n<p><a href=\"https:\/\/www.xing.com\/profile\/Claudio_Descalzi\" title=\"Claudio Descalzi - Profilo Xing\"><img loading=\"lazy\" decoding=\"async\" alt=\"Claudio Descalzi, AD di Eni\" height=\"376\" src=\"http:\/\/www.h2biz.eu\/public\/min_13406-i-claudio%20descalzi%201.jpg\" width=\"251\" \/><\/a><\/p>\n<h2>Claudio Descalzi: l&#8217;intervista a &quot;Corriere Economia&quot; dell&#8217;AD di Eni<\/h2>\n<p>Superamento dello stress-test del mini-barile e maggior numero di scoperte rispetto ai competitor: l&#8217;Eni \u00e8 pi\u00f9 forte, come ha sottolineato l&#8217;AD <strong>Claudio Descalzi<\/strong> in un&#8217;intervista a Corriere Economia, e continuer\u00e0 a puntare sull&#8217;Italia, che resta centrale nelle strategie del gruppo: &quot;Abbiamo speso pi\u00f9 di 15 miliardi nell&#8217;ultimo triennio. Una massa notevole, come una legge finanziaria, e continuiamo a farlo. Chi dice &quot;volete abbandonare l&#8217;Italia&quot; non legge i nostri bilanci &#8211; ha dichiarato il manager sottolineando che l&#8217;Italia \u00e8 la sede di un know-how importantissimo &#8211; Tutta la parte di calcolo e i modelli proprietari, tutta la ricerca scientifica e l&#8217;ingegneria sono qui&quot;. Sui risultati di Eni nei tre anni della sua gestione, Claudio Descalzi ha evidenziato come Eni sia uscita &quot;molto bene&quot; dallo stress-test, registrando una crescita produttiva del 15% e un abbassamento dei costi di struttura da 2,2 a 1,4 miliardi l&#8217;anno: &quot;La cura dimagrante c&#8217;\u00e8 stata ma \u00e8 avvenuta rafforzando i muscoli dell&#8217;Eni. E senza mandare a casa nessuno, cosa che non definirei proprio banale. L&#8217;industria nel suo complesso ha perso in questo periodo 440 mila persone, noi invece ne abbiamo assunte mille&quot;. In linea con questi dati il rapporto scoperte-produzione di giacimenti: dal 2009 ad oggi 260%. &quot;Un&#8217;anomalia&quot; la definisce ironicamente il manager: &quot;Dal 2009 a oggi le major hanno scoperto il 30% di quello che hanno prodotto e per questo si trovano nella necessit\u00e0 di fare qualche acquisizione. Noi abbiamo trovato giacimenti &quot;giant&quot; ogni due anni. Speriamo di replicare i successi, anche se forse pi\u00f9 a lungo termine dovremo fare qualcosa&quot;. <\/p>\n<h2>Claudio Descalzi: formazione e carriera dell&#8217;Amministratore Delegato di Eni <\/h2>\n<p>Classe 1955, originario di Milano, <strong><a href=\"https:\/\/www.xing.com\/profile\/Claudio_Descalzi\" title=\"Claudio Descalzi - Profilo Xing\">Claudio Descalzi<\/a><\/strong> \u00e8 l&#8217;attuale Amministratore Delegato della societ\u00e0 Eni, nominato alla guida del gruppo nel maggio del 2014. Oltre alla Laurea Honoris Causa, conferitagli dall&#8217;Universit\u00e0 di Tor Vergata per le politiche a sostegno dell&#8217;ambiente, Claudio Descalzi si \u00e8 laureato presso l&#8217;Universit\u00e0 di Milano, in Fisica. Inizia la sua esperienza in Eni nel 1981, attivo come ingegnere di giacimento. In seguito diventa Project Manager, guidando nel corso degli anni &#8217;90 le consociate dell&#8217;azienda in Nigeria e Congo, maturando competenze professionali che lo renderanno idoneo a ricoprire importi incarichi manageriali, rivestendo nel biennio 2000 &#8211; 2001 il ruolo di Direttore dell&#8217;area geografica per il Medio Oriente, Africa e Cina. Tra il 2002 e il 2005 l&#8217;incarico di Claudio Descalzi si estende anche all&#8217;Italia. Tra il 2005 e il 2014 inizia la sua ascesa ai vertici della societ\u00e0, diventando Vice Direttore Generale di Eni, Chief Operating Officer e infine Amministratore Delegato.<\/p>\n","protected":false},"excerpt":{"rendered":"<p>Eni supera i propri competitor nel numero di scoperte e passa lo stress-test. La societ\u00e0, amministrata da Claudio Descalzi, conferma nel frattempo gli investimenti in Italia e il ruolo chiave del nostro Paese come sede principale del Know-how della societ\u00e0. Claudio Descalzi: l&#8217;intervista a &quot;Corriere Economia&quot; dell&#8217;AD di Eni Superamento dello stress-test del mini-barile e [&hellip;]<\/p>\n","protected":false},"author":3661,"featured_media":0,"comment_status":"open","ping_status":"open","sticky":false,"template":"","format":"standard","meta":{"footnotes":""},"categories":[4],"tags":[11757,11758],"class_list":["post-18308","post","type-post","status-publish","format-standard","hentry","category-attualita-e-societa","tag-claudio-descalzi","tag-eni"],"_links":{"self":[{"href":"https:\/\/www.area-press.eu\/comunicatistampa\/wp-json\/wp\/v2\/posts\/18308","targetHints":{"allow":["GET"]}}],"collection":[{"href":"https:\/\/www.area-press.eu\/comunicatistampa\/wp-json\/wp\/v2\/posts"}],"about":[{"href":"https:\/\/www.area-press.eu\/comunicatistampa\/wp-json\/wp\/v2\/types\/post"}],"author":[{"embeddable":true,"href":"https:\/\/www.area-press.eu\/comunicatistampa\/wp-json\/wp\/v2\/users\/3661"}],"replies":[{"embeddable":true,"href":"https:\/\/www.area-press.eu\/comunicatistampa\/wp-json\/wp\/v2\/comments?post=18308"}],"version-history":[{"count":1,"href":"https:\/\/www.area-press.eu\/comunicatistampa\/wp-json\/wp\/v2\/posts\/18308\/revisions"}],"predecessor-version":[{"id":18309,"href":"https:\/\/www.area-press.eu\/comunicatistampa\/wp-json\/wp\/v2\/posts\/18308\/revisions\/18309"}],"wp:attachment":[{"href":"https:\/\/www.area-press.eu\/comunicatistampa\/wp-json\/wp\/v2\/media?parent=18308"}],"wp:term":[{"taxonomy":"category","embeddable":true,"href":"https:\/\/www.area-press.eu\/comunicatistampa\/wp-json\/wp\/v2\/categories?post=18308"},{"taxonomy":"post_tag","embeddable":true,"href":"https:\/\/www.area-press.eu\/comunicatistampa\/wp-json\/wp\/v2\/tags?post=18308"}],"curies":[{"name":"wp","href":"https:\/\/api.w.org\/{rel}","templated":true}]}}