{"id":18304,"date":"2017-03-10T15:34:13","date_gmt":"2017-03-10T14:34:13","guid":{"rendered":"http:\/\/www.area-press.eu\/comunicatistampa\/?p=18304"},"modified":"2017-03-10T15:34:13","modified_gmt":"2017-03-10T14:34:13","slug":"alla-scoperta-del-lavoro-di-glauco-comoretto","status":"publish","type":"post","link":"https:\/\/www.area-press.eu\/comunicatistampa\/2017\/03\/10\/alla-scoperta-del-lavoro-di-glauco-comoretto\/","title":{"rendered":"Alla scoperta del lavoro di Glauco Comoretto"},"content":{"rendered":"<p>&nbsp;<\/p>\n<p>Il fotografo di matrimoni \u00e8 uno dei fornitori al quale dovete prestare pi\u00f9 attenzione durante l&#8217;organizzazione dei preparativi del matrimonio. Va infatti individuato un esperto dotato di professionalit\u00e0, tecnica e sensibilit\u00e0. Proprio ci\u00f2 che viene offerto dal wedding photographer Glauco Comoretto, che grazie ai suoi scatti negli ultimi anni ha reso felici moltissimi sposi rendendo ancora pi\u00f9 indimenticabili i ricordi del giorno del si.<\/p>\n<p>Come <a href=\"http:\/\/www.gcomorettofotografo.com\/fotografia-matrimonio\/\">fotografo di matrimonio<\/a> Glauco Comoretto si propone agli sposi di Veneto e Friuli grazie a tre studi: a Udine, a Venezia ed a Treviso.<\/p>\n<p>Glauco Comoretto \u00e8 sopratutto un ottima risorsa quando si tratta di destination wedding. Il fotografo infatti ha lavorato con numerose coppie straniere che hanno deciso di fare dell&#8217;Italia, la cornice del loro giorno pi\u00f9 bello. Coppie che hanno scelto le location pi\u00f9 suggestive in citt\u00e0 come Venezia o regioni naturalisticamente emozionanti come Toscana o Friuli Venezia Giulia. Non solo: Glauco Comoretto ha avuto modo di lavorare anche all&#8217;estero e soprattutto in Francia.<\/p>\n<p>Glauco Comoretto non \u00e8 solo fotografo di matrimonio per\u00f2. Il fotografo ha avuto modo di offrire nel corso del tempo anche altri 4 tipi di servizi fotografici che esulano dal giorno del matrimonio ma che evidentemente ad esso sono associati. Si tratta di:<\/p>\n<ul>\n<li>il servizio proposal, dove il fotografo nascosto a mo di paparazzo va ad immortalare tutta la sorpresa e l&#8217;emozione del momento della proposta di matrimonio, quando lui si inginocchia e le chiede di sposarla<\/li>\n<li>il servizio engament che celebra la coppia e la loro decisione di convolare a nozze. Pu\u00f2 trattarsi di un set molto intimo e le foto realizzate possono essere usate per personalizzare le partecipazione o per realizzare un piccolo book fotografico da regalare a famiglie e testimoni<\/li>\n<li>\u00e8 anche possibile organizzare un piccolo set fotografo durante il viaggio di nozze, qualora questo si svolga in Italia. Un modo per avere un piccolo ricordo professionale del vostro viaggio pi\u00f9 bello insieme.<\/li>\n<li>Ed infine qualora il matrimonio sia allietato dall&#8217;arrivo di un beb\u00e8 allora \u00e8 possibile organizzare un set fotografico baby.<\/li>\n<\/ul>\n","protected":false},"excerpt":{"rendered":"<p>&nbsp; Il fotografo di matrimoni \u00e8 uno dei fornitori al quale dovete prestare pi\u00f9 attenzione durante l&#8217;organizzazione dei preparativi del matrimonio. Va infatti individuato un esperto dotato di professionalit\u00e0, tecnica e sensibilit\u00e0. Proprio ci\u00f2 che viene offerto dal wedding photographer Glauco Comoretto, che grazie ai suoi scatti negli ultimi anni ha reso felici moltissimi sposi [&hellip;]<\/p>\n","protected":false},"author":4044,"featured_media":0,"comment_status":"open","ping_status":"open","sticky":false,"template":"","format":"standard","meta":{"footnotes":""},"categories":[3],"tags":[],"class_list":["post-18304","post","type-post","status-publish","format-standard","hentry","category-arte-e-cultura"],"_links":{"self":[{"href":"https:\/\/www.area-press.eu\/comunicatistampa\/wp-json\/wp\/v2\/posts\/18304","targetHints":{"allow":["GET"]}}],"collection":[{"href":"https:\/\/www.area-press.eu\/comunicatistampa\/wp-json\/wp\/v2\/posts"}],"about":[{"href":"https:\/\/www.area-press.eu\/comunicatistampa\/wp-json\/wp\/v2\/types\/post"}],"author":[{"embeddable":true,"href":"https:\/\/www.area-press.eu\/comunicatistampa\/wp-json\/wp\/v2\/users\/4044"}],"replies":[{"embeddable":true,"href":"https:\/\/www.area-press.eu\/comunicatistampa\/wp-json\/wp\/v2\/comments?post=18304"}],"version-history":[{"count":1,"href":"https:\/\/www.area-press.eu\/comunicatistampa\/wp-json\/wp\/v2\/posts\/18304\/revisions"}],"predecessor-version":[{"id":18305,"href":"https:\/\/www.area-press.eu\/comunicatistampa\/wp-json\/wp\/v2\/posts\/18304\/revisions\/18305"}],"wp:attachment":[{"href":"https:\/\/www.area-press.eu\/comunicatistampa\/wp-json\/wp\/v2\/media?parent=18304"}],"wp:term":[{"taxonomy":"category","embeddable":true,"href":"https:\/\/www.area-press.eu\/comunicatistampa\/wp-json\/wp\/v2\/categories?post=18304"},{"taxonomy":"post_tag","embeddable":true,"href":"https:\/\/www.area-press.eu\/comunicatistampa\/wp-json\/wp\/v2\/tags?post=18304"}],"curies":[{"name":"wp","href":"https:\/\/api.w.org\/{rel}","templated":true}]}}