{"id":18283,"date":"2017-03-09T21:12:14","date_gmt":"2017-03-09T20:12:14","guid":{"rendered":"http:\/\/www.area-press.eu\/comunicatistampa\/?p=18283"},"modified":"2017-03-09T21:12:14","modified_gmt":"2017-03-09T20:12:14","slug":"donna-e-dintorni-il-beauty-blog-di-laura-musig","status":"publish","type":"post","link":"https:\/\/www.area-press.eu\/comunicatistampa\/2017\/03\/09\/donna-e-dintorni-il-beauty-blog-di-laura-musig\/","title":{"rendered":"Donna e Dintorni il beauty blog di Laura Musig"},"content":{"rendered":"<p>&nbsp;<\/p>\n<p>Dopo quasi 4 anni di attivit\u00e0, dopo aver mosso i primi passi un po&#8217; timidamente, oggi Donna e Dintorni il beauty blog di Laura Musig \u00e8 una realt\u00e0 che non ha bisogno di troppe presentazioni.<\/p>\n<p>Quali sono i punti di forza di questo <a href=\"http:\/\/donnaedintorni.com\/\">beauty blog<\/a>? Sicuramente ci piace parlare di cose insolite e che esulano dalle classiche tematiche trattate dai siti di bellezza e makeup. Ci piace inoltre parlare di risparmio perch\u00e8 essere belle non vuol dire per forza spendere patrimoni. Infine ci piace anche parlare di crescita personale soprattutto quando si tratta di avviare una carriera da freelance.<\/p>\n<p>Ci piace pensare ad un pubblico di lettrici informate ma non per questo succubi di quello che la moda o il mercato impone alle consumatrici del mondo beauty. Insomma delle utenti con il cervello!<\/p>\n<p>Donna e Dintorni \u00e8 aperto a collaborazioni con aziende che si occupano di bellezza e comunicazione. Sono gi\u00e0 molte le collaborazioni avviate e molte altre verranno. Per ogni collaborazione, lo staff va a proporre un&#8217;offerta di volta in volta differenziata e personalizzata in modo da poter garantire all&#8217;azienda oggetto della collaborazione la massima visibilit\u00e0.<\/p>\n<p>Donna e Dintorni \u00e8 anche un canale Youtube, che prende il nome di Donna e Dintorni TV. Il canale riprende un po&#8217; la linea editoriale del sito. Si parla si di makeup e bellezza ma anche di argomenti che fanno bene \u201cal dentro\u201d oltre che \u201cal fuori\u201d. Si \u00e8 parlato di bellezza e makeup ma si \u00e8 parlato anche di viaggi, di lavoro e di metodi per risparmiare, perch\u00e8 non si vive di solo makeup.<\/p>\n<p>Il piano editoriale non lascia mai le lettrici a bocca asciutta con due approfondimenti e due video a settimana.<\/p>\n<p>Oltre che su Donna e Dintorni le lettrici possono seguire il blog tramite la pagina Facebook, il profilo Twitter e quello Pinterest.<\/p>\n","protected":false},"excerpt":{"rendered":"<p>&nbsp; Dopo quasi 4 anni di attivit\u00e0, dopo aver mosso i primi passi un po&#8217; timidamente, oggi Donna e Dintorni il beauty blog di Laura Musig \u00e8 una realt\u00e0 che non ha bisogno di troppe presentazioni. Quali sono i punti di forza di questo beauty blog? Sicuramente ci piace parlare di cose insolite e che [&hellip;]<\/p>\n","protected":false},"author":4044,"featured_media":0,"comment_status":"open","ping_status":"open","sticky":false,"template":"","format":"standard","meta":{"footnotes":""},"categories":[29],"tags":[11767],"class_list":["post-18283","post","type-post","status-publish","format-standard","hentry","category-comunicati","tag-beauty-blog"],"_links":{"self":[{"href":"https:\/\/www.area-press.eu\/comunicatistampa\/wp-json\/wp\/v2\/posts\/18283","targetHints":{"allow":["GET"]}}],"collection":[{"href":"https:\/\/www.area-press.eu\/comunicatistampa\/wp-json\/wp\/v2\/posts"}],"about":[{"href":"https:\/\/www.area-press.eu\/comunicatistampa\/wp-json\/wp\/v2\/types\/post"}],"author":[{"embeddable":true,"href":"https:\/\/www.area-press.eu\/comunicatistampa\/wp-json\/wp\/v2\/users\/4044"}],"replies":[{"embeddable":true,"href":"https:\/\/www.area-press.eu\/comunicatistampa\/wp-json\/wp\/v2\/comments?post=18283"}],"version-history":[{"count":1,"href":"https:\/\/www.area-press.eu\/comunicatistampa\/wp-json\/wp\/v2\/posts\/18283\/revisions"}],"predecessor-version":[{"id":18284,"href":"https:\/\/www.area-press.eu\/comunicatistampa\/wp-json\/wp\/v2\/posts\/18283\/revisions\/18284"}],"wp:attachment":[{"href":"https:\/\/www.area-press.eu\/comunicatistampa\/wp-json\/wp\/v2\/media?parent=18283"}],"wp:term":[{"taxonomy":"category","embeddable":true,"href":"https:\/\/www.area-press.eu\/comunicatistampa\/wp-json\/wp\/v2\/categories?post=18283"},{"taxonomy":"post_tag","embeddable":true,"href":"https:\/\/www.area-press.eu\/comunicatistampa\/wp-json\/wp\/v2\/tags?post=18283"}],"curies":[{"name":"wp","href":"https:\/\/api.w.org\/{rel}","templated":true}]}}