{"id":17955,"date":"2017-03-02T15:16:10","date_gmt":"2017-03-02T14:16:10","guid":{"rendered":"http:\/\/www.area-press.eu\/comunicatistampa\/?p=17955"},"modified":"2017-03-02T15:16:10","modified_gmt":"2017-03-02T14:16:10","slug":"sartoretto-verna-presenta-alleuroshop-di-dusseldorf-easy-chain-il-nuovo-modo-di-fare-design","status":"publish","type":"post","link":"https:\/\/www.area-press.eu\/comunicatistampa\/2017\/03\/02\/sartoretto-verna-presenta-alleuroshop-di-dusseldorf-easy-chain-il-nuovo-modo-di-fare-design\/","title":{"rendered":"Sartoretto Verna presenta all&#8217;Euroshop di D\u00fcsseldorf &#8211; Easy Chain &#8211; il nuovo modo di fare design"},"content":{"rendered":"<p><strong>Dal 5 marzo al 9 marzo Euroshop 2017 &#8211; Stockumer Kirchstra\u00dfe, 40474 D\u00fcsseldorf <\/strong><\/p>\n<p>&nbsp;<\/p>\n<p>La <strong>Sartoretto Verna<\/strong>, azienda italiana di architettura e design che ha cambiato il modo di progettare e comunicare l\u2019arredo per farmacie e negozi, sar\u00e0 presso l\u2019<strong>EuroShop 2017 di D\u00fcsseldorf dal 5 al 9 marzo <\/strong>per la presentazione del sistema \u201c<strong>Easy Chain\u201d<\/strong>.<\/p>\n<p>Il design italiano \u00e8 diventato, ormai, quasi uno status e, ad oggi, sempre pi\u00f9 negozi nel mondo lo richiedono in quanto l\u2019\u201cItalian style\u201d indica un salto di qualit\u00e0, poich\u00e9 la clientela impazzisce letteralmente per l\u2019immagine e l\u2019atmosfera unica che viene associata all\u2019Italia.<\/p>\n<p>Easy Chain \u00e8 un sistema componibile in ABS durevole nel tempo e riciclabile, dal design puro e minimalista, ideato con l\u2019obiettivo di semplificare l\u2019intero processo di costruzione e allestimento di ogni negozio. E\u2019 un prodotto che non ha bisogno di pareti di appoggio, pu\u00f2 quindi essere sistemato, spostato e sostituito velocemente in qualsiasi parte dello stabile; si presta ad essere utilizzato indistintamente in ogni settore o ad essere integrato in qualsiasi ambiente. Spigoli arrotondati e finiture idonee al tatto rendono le parti a vista piacevoli da toccare oltre che da vedere; il sistema \u00e8 composto da 3 soli elementi: mensola, jolly, portablister combinabili liberamente tra di loro per configurazioni a diverse altezze mono o bifacciali, nonch\u00e9 facili da posizionare! Easy Chain \u00e8 una struttura, per di pi\u00f9, che nasconde meglio la polvere e si pulisce con un panno umido, progettata per tutti i gusti: infiniti colori ed altrettante personalizzazioni!<\/p>\n<p>Easy Chain, inoltre, organizza e propone al meglio il prodotto: la struttura centrale illuminata a led ed il doppio visual superiore consentono di dividere la proposta merceologica su ogni espositore; la forma svasata delle mensole consente la sua collocazione in curva, migliorando la visibilit\u00e0 del prodotto e l\u2019utilizzo per la creazione di innovativi percorsi di vendita.<\/p>\n<p>Easy Chain \u00e8 gi\u00e0 un successo mondiale e nel 2015 ha vinto anche il primo premio per innovazione e ricerca.<\/p>\n<p>Questo innovativo design pu\u00f2 essere utilizzato per tutti i tipi di attivit\u00e0 commerciali, per cui non ci resta che invitarvi a visitare l\u2019euroshop di D\u00fcsseldorf dal 5 al 9 marzo.<\/p>\n","protected":false},"excerpt":{"rendered":"<p>Dal 5 marzo al 9 marzo Euroshop 2017 &#8211; Stockumer Kirchstra\u00dfe, 40474 D\u00fcsseldorf &nbsp; La Sartoretto Verna, azienda italiana di architettura e design che ha cambiato il modo di progettare e comunicare l\u2019arredo per farmacie e negozi, sar\u00e0 presso l\u2019EuroShop 2017 di D\u00fcsseldorf dal 5 al 9 marzo per la presentazione del sistema \u201cEasy Chain\u201d. [&hellip;]<\/p>\n","protected":false},"author":159,"featured_media":0,"comment_status":"open","ping_status":"open","sticky":false,"template":"","format":"standard","meta":{"footnotes":""},"categories":[8],"tags":[11618,11616,11617],"class_list":["post-17955","post","type-post","status-publish","format-standard","hentry","category-eventi","tag-dusseldorf","tag-euroshop","tag-sartoretto-verna"],"_links":{"self":[{"href":"https:\/\/www.area-press.eu\/comunicatistampa\/wp-json\/wp\/v2\/posts\/17955","targetHints":{"allow":["GET"]}}],"collection":[{"href":"https:\/\/www.area-press.eu\/comunicatistampa\/wp-json\/wp\/v2\/posts"}],"about":[{"href":"https:\/\/www.area-press.eu\/comunicatistampa\/wp-json\/wp\/v2\/types\/post"}],"author":[{"embeddable":true,"href":"https:\/\/www.area-press.eu\/comunicatistampa\/wp-json\/wp\/v2\/users\/159"}],"replies":[{"embeddable":true,"href":"https:\/\/www.area-press.eu\/comunicatistampa\/wp-json\/wp\/v2\/comments?post=17955"}],"version-history":[{"count":1,"href":"https:\/\/www.area-press.eu\/comunicatistampa\/wp-json\/wp\/v2\/posts\/17955\/revisions"}],"predecessor-version":[{"id":17956,"href":"https:\/\/www.area-press.eu\/comunicatistampa\/wp-json\/wp\/v2\/posts\/17955\/revisions\/17956"}],"wp:attachment":[{"href":"https:\/\/www.area-press.eu\/comunicatistampa\/wp-json\/wp\/v2\/media?parent=17955"}],"wp:term":[{"taxonomy":"category","embeddable":true,"href":"https:\/\/www.area-press.eu\/comunicatistampa\/wp-json\/wp\/v2\/categories?post=17955"},{"taxonomy":"post_tag","embeddable":true,"href":"https:\/\/www.area-press.eu\/comunicatistampa\/wp-json\/wp\/v2\/tags?post=17955"}],"curies":[{"name":"wp","href":"https:\/\/api.w.org\/{rel}","templated":true}]}}