{"id":17952,"date":"2017-03-02T15:16:10","date_gmt":"2017-03-02T14:16:10","guid":{"rendered":"http:\/\/www.area-press.eu\/comunicatistampa\/?p=17952"},"modified":"2017-03-02T15:16:10","modified_gmt":"2017-03-02T14:16:10","slug":"la-scuola-si-trasforma-in-museo-dal-9-marzo-al-30-aprile-2017-alla-rome-international-school","status":"publish","type":"post","link":"https:\/\/www.area-press.eu\/comunicatistampa\/2017\/03\/02\/la-scuola-si-trasforma-in-museo-dal-9-marzo-al-30-aprile-2017-alla-rome-international-school\/","title":{"rendered":"La scuola si trasforma in museo dal 9 MARZO al 30 APRILE 2017 alla Rome International School"},"content":{"rendered":"<p><img loading=\"lazy\" decoding=\"async\" class=\"aligncenter\" src=\"http:\/\/www.romeinternationalschool.it\/uploaded\/photos\/DISCOVER\/Mostra_Logo_ITA_copy.png\" alt=\"Rescuing our past to build our future logo\" width=\"250\" height=\"191\" \/><\/p>\n<h1><strong>La scuola si trasforma in museo<br \/>\n<\/strong>Un patrimonio nascosto e recuperato sar\u00e0 esposto dal 9 MARZO al 30 APRILE 2017 alla Rome International School<\/h1>\n<h2><strong>RECUPERARE IL PASSATO PER AVERE UN FUTURO<\/strong><strong>\u00a0<\/strong><\/h2>\n<p>Dopo il successo della mostra \u201cPop Icons\u201d, la Rome International School (RIS) &#8211; di propriet\u00e0 della prestigiosa Universit\u00e0 LUISS &#8211; in accordo con il MiBACT ed il Comando Carabinieri Tutela Patrimonio Culturale, allestir\u00e0 un nuovo evento artistico: nei mesi di Marzo ed Aprile, <strong>75 reperti archeologici,<\/strong> recuperati dalla speciale unit\u00e0 dei Carabinieri, saranno finalmente accessibili al pubblico, a cominciare da oltre 500 studenti di 50 nazionalit\u00e0 diverse e le loro famiglie.<\/p>\n<p>Il senso della mostra \u00e8 costruire <strong>un ponte tra passato e futuro, educando le nuove generazioni alla &#8216;bellezza&#8217; in modo che siano in grado di riconoscerla, apprezzarla e proteggerla<\/strong>.<\/p>\n<p>Per tutti gli appassionati di arte, questa \u00e8 davvero un&#8217;occasione unica: tra le opere &#8216;salvate&#8217;, un sarcofago in terracotta di fattura etrusca, recuperato a Ginevra; vasi con rappresentazioni mitologiche e un grande cratere apulo a mascheroni, sequestrato in Corsica, che funge da<em>invito<\/em> per i visitatori.<\/p>\n<p>Un&#8217;istallazione particolare \u00e8 dedicata ad una <em>armatura ideale <\/em>inedita, composta da elmo, corazza,schinieri e lancia risalenti al V e VI secolo A.C. di cui proprio la Rome International School ha finanziato il restauro.<\/p>\n<p>Antichi tesori esposti in una cornice ultra moderna &#8211; passato e futuro si fondono per diffondere e difendere valori universali: rispetto, tutela, legalit\u00e0.<\/p>\n<p>La mostra sar\u00e0 aperta in <strong>anteprima alla stampa<\/strong> <strong>Gioved\u00ec 9 Marzo dalle 9:30<\/strong>, seguir\u00e0 <strong>la cerimonia<\/strong> <strong>d\u2019inaugurazione <\/strong>con la partecipazione del Generale di Brigata, Comando\u00a0Carabinieri Tutela Patrimonio Culturale, Fabrizio Parrulli; del Direttore Generale LUISS Guido Carli,\u00a0Giovanni Lo Storto; del Direttore Scientifico della mostra, Roberto Di Paola, ospiti del MiBACT e della comunit\u00e0 nazionale e internazionale.<\/p>\n<p><strong>La mostra sar\u00e0 aperta gratuitamente al pubblico<\/strong> dal luned\u00ec al venerdi su prenotazione dalle 08.30 alle 18.00 e nei fine settimana dalle 10.00 alle 20.00.<\/p>\n<p>Per maggiori informazioni sull\u2019evento e per scaricare le immagini:\u00a0<a href=\"http:\/\/www.romeinternationalschool.it\/discover\/rescuing-our-past-to-build-our-future\">http:\/\/www.romeinternationalschool.it\/discover\/rescuing-our-past-to-build-our-future<\/a><\/p>\n<p>Contatti:<\/p>\n<p><strong>Ivana Santoro<br \/>\n<\/strong><a href=\"tel:+39%2006%208448%202747\">+39 0684482747<\/a><br \/>\n<a href=\"mailto:isantoro@romeinternationalschool.it\">isantoro@romeinternationalschool.it<\/a><br \/>\nRome International School<br \/>\nVia Guglielmo Pecori Giraldi, 137 \u2013 00135 ROMA<\/p>\n<p><img loading=\"lazy\" decoding=\"async\" class=\"aligncenter\" src=\"http:\/\/www.romeinternationalschool.it\/uploaded\/photos\/DISCOVER\/grande_cratere_apulo_a_mascheroni.jpg\" alt=\"sarcofago etrusco\" width=\"250\" height=\"191\" \/><\/p>\n<p><img loading=\"lazy\" decoding=\"async\" class=\"aligncenter\" src=\"http:\/\/www.romeinternationalschool.it\/uploaded\/photos\/DISCOVER\/Sarcofago_etrusco_recuperato_a_Ginevra.jpg\" alt=\"sarcofago etrusco\" width=\"250\" height=\"191\" \/><\/p>\n<p><img loading=\"lazy\" decoding=\"async\" class=\"aligncenter\" src=\"http:\/\/www.romeinternationalschool.it\/uploaded\/photos\/DISCOVER\/Foto_simbolo.jpg\" alt=\"sarcofago etrusco\" width=\"250\" height=\"191\" \/><\/p>\n","protected":false},"excerpt":{"rendered":"<p>La scuola si trasforma in museo Un patrimonio nascosto e recuperato sar\u00e0 esposto dal 9 MARZO al 30 APRILE 2017 alla Rome International School RECUPERARE IL PASSATO PER AVERE UN FUTURO\u00a0 Dopo il successo della mostra \u201cPop Icons\u201d, la Rome International School (RIS) &#8211; di propriet\u00e0 della prestigiosa Universit\u00e0 LUISS &#8211; in accordo con il [&hellip;]<\/p>\n","protected":false},"author":4021,"featured_media":0,"comment_status":"open","ping_status":"open","sticky":false,"template":"","format":"standard","meta":{"footnotes":""},"categories":[29],"tags":[],"class_list":["post-17952","post","type-post","status-publish","format-standard","hentry","category-comunicati"],"_links":{"self":[{"href":"https:\/\/www.area-press.eu\/comunicatistampa\/wp-json\/wp\/v2\/posts\/17952","targetHints":{"allow":["GET"]}}],"collection":[{"href":"https:\/\/www.area-press.eu\/comunicatistampa\/wp-json\/wp\/v2\/posts"}],"about":[{"href":"https:\/\/www.area-press.eu\/comunicatistampa\/wp-json\/wp\/v2\/types\/post"}],"author":[{"embeddable":true,"href":"https:\/\/www.area-press.eu\/comunicatistampa\/wp-json\/wp\/v2\/users\/4021"}],"replies":[{"embeddable":true,"href":"https:\/\/www.area-press.eu\/comunicatistampa\/wp-json\/wp\/v2\/comments?post=17952"}],"version-history":[{"count":2,"href":"https:\/\/www.area-press.eu\/comunicatistampa\/wp-json\/wp\/v2\/posts\/17952\/revisions"}],"predecessor-version":[{"id":17954,"href":"https:\/\/www.area-press.eu\/comunicatistampa\/wp-json\/wp\/v2\/posts\/17952\/revisions\/17954"}],"wp:attachment":[{"href":"https:\/\/www.area-press.eu\/comunicatistampa\/wp-json\/wp\/v2\/media?parent=17952"}],"wp:term":[{"taxonomy":"category","embeddable":true,"href":"https:\/\/www.area-press.eu\/comunicatistampa\/wp-json\/wp\/v2\/categories?post=17952"},{"taxonomy":"post_tag","embeddable":true,"href":"https:\/\/www.area-press.eu\/comunicatistampa\/wp-json\/wp\/v2\/tags?post=17952"}],"curies":[{"name":"wp","href":"https:\/\/api.w.org\/{rel}","templated":true}]}}