{"id":17783,"date":"2017-02-25T21:09:05","date_gmt":"2017-02-25T20:09:05","guid":{"rendered":"http:\/\/www.area-press.eu\/comunicatistampa\/?p=17783"},"modified":"2017-02-25T21:09:05","modified_gmt":"2017-02-25T20:09:05","slug":"patrizia-fiandrini-designer-controcorrente","status":"publish","type":"post","link":"https:\/\/www.area-press.eu\/comunicatistampa\/2017\/02\/25\/patrizia-fiandrini-designer-controcorrente\/","title":{"rendered":"PATRIZIA FIANDRINI &#8211; DESIGNER CONTROCORRENTE"},"content":{"rendered":"<p>Decidere in et\u00e0 matura di fondare un Brand, proporre uno stile contro tendenza e svilupparne la commercializzazione seguendo i canoni degli anni 60, disertando le maggiori piattaforme del\u00a0 fashion e limitandosi a sfilare solo ed esclusivamente per comunicare \u201cdi \u00a0esserci \u201c per\u00a0 poi dimostrare di meritarlo ricevendo un\u00a0 Award, \u00a0in occasione della finalissima mondiale di \u201cThe Look of the Year\u201d, \u00a0in compagnia di storiche ed inossidabili firme del made in Italy quali \u201cLuca Litrico e Raffaella Curiel\u201d vuol dire chiamarsi Patrizia Fiandrini.<\/p>\n<p>Dopo questi primi mesi esplosivi\u00a0 che hanno visto testimonials\u00a0 garbati vestire Patrizia Fiandrini come, ad esempio, \u00a0Gabriella Carlucci, il concertista Andrea Ceccomori e l\u2019attore Giuseppe Panebianco la stilista, forte di una esperienza\u00a0 trentennale nel fa\u00e7on che la vede\u00a0 impegnata con alcune delle maggiori griffe nazionali ed estere (Gucci, Dolce &amp; Gabbana, Ermenegildo Zegna, Prada, Ferragamo, Fendi e tanti altri) ha deciso di andare oltre ed intercettare una domanda pi\u00f9 variegata sia per fascia generazionale che per stile, una sfida nella sfida ed una gran voglia di lasciare il segno.<\/p>\n<p>La decisione\u00a0 di sviluppare un nuovo progetto stilistico a pochi mesi dallo start up disertando non solo le pedane dei fashion week ma anche i salotti del business per concentrarsi \u00a0esclusivamente sullo studio delle linee, dei colori e dei tessuti caratterizza ad oggi l\u2019impegno della designer.<\/p>\n<p>Parlando con Lino Del Vecchio dello Studio Del Vecchio che fin dall\u2019inizio si occupa delle strategie per il lancio e consolidamento del brand scopriamo che l\u2019attivit\u00e0 in itinere segue una precisa programmazione i cui fondamenti sono gi\u00e0 motivo di grande impegno da parte della stilista e delle figure che la circondano.<\/p>\n<p>Alcune anticipazioni sono gi\u00e0 possibili.<\/p>\n<p>Per\u00a0 fine Marzo \u00e8 allo studio uno \u201cspeciale\u201d proposto attraverso un video che verr\u00e0 \u00a0realizzato negli ambienti che giornalmente\u00a0 vive Patrizia Fiandrini, il suo Atelier, il suo laboratorio sartoriale ed i grandi spazi naturali che caratterizzano l\u2019Umbria oltre ad alcune delle figure professionali che collaborano giornalmente con la stilista.<\/p>\n<p>Voce narrante, coadiuvata dalla giornalista Margherita Lamesta, sar\u00e0 Roberto Mostarda, gi\u00e0 storico conduttore del\u00a0 GR1 RAI ed attuale Presidente della Fondazione Italia-Usa.<\/p>\n<p>Verso l\u2019ultima settimana di Aprile molto probabilmente una prima parte del nuovo campionario sar\u00e0 in sala posa per gli scatti di rito realizzati anche per il 2017 dallo straordinario fotografo Raimondo Luciani supportato, per il Trucco Parrucco, dal noto Hair Stylist Tony Prosia che quest\u2019anno \u00e8 stato scelto tra i Look Maker dei cantanti che hanno partecipato al Festival di San Remo.<\/p>\n<p>Testimonial 2017, fortemente voluta dalla stilista, \u00e8 la ballerina e modella Eleonora Puglia di cui ultimamente le maggiori testate glamour hanno mostrato le immagini in compagnia del suo famoso ed ammirato fidanzato Iago Garcia.<\/p>\n<p>Verso l\u2019autunno si prevede la presentazione ufficiale della nuova collezione \u201call season\u2019 che sfiler\u00e0 in occasione di un evento a respiro internazionale e questa ribalta sar\u00e0 di fatto un momento di verifica per quanto in questi mesi verr\u00e0 deciso e realizzato.<\/p>\n<p>Modamica, noto multibrand di Vimodrone, anche in questa occasione conferma il suo impegno affianco alla Maison Umbra e partecipa attivamente, di concerto con lo Studio Del Vecchio, alla promozione internazionale del brand.<\/p>\n<p>Non ci resta che aspettare la sfilata d\u2019autunno.<\/p>\n","protected":false},"excerpt":{"rendered":"<p>Decidere in et\u00e0 matura di fondare un Brand, proporre uno stile contro tendenza e svilupparne la commercializzazione seguendo i canoni degli anni 60, disertando le maggiori piattaforme del  fashion e limitandosi a sfilare solo ed esclusivamente per comunicare \u201cdi  esserci \u201c per  poi dimostrare di meritarlo ricevendo un  Award,  in occasione della finalissima mondiale di \u201cThe Look of the Year\u201d,  in compagnia di storiche ed inossidabili firme del made in Italy quali \u201cLuca Litrico e Raffaella Curiel\u201d vuol dire chiamarsi Patrizia Fiandrini.<\/p>\n","protected":false},"author":4051,"featured_media":0,"comment_status":"open","ping_status":"open","sticky":false,"template":"","format":"standard","meta":{"footnotes":""},"categories":[3,29,8],"tags":[],"class_list":["post-17783","post","type-post","status-publish","format-standard","hentry","category-arte-e-cultura","category-comunicati","category-eventi"],"_links":{"self":[{"href":"https:\/\/www.area-press.eu\/comunicatistampa\/wp-json\/wp\/v2\/posts\/17783","targetHints":{"allow":["GET"]}}],"collection":[{"href":"https:\/\/www.area-press.eu\/comunicatistampa\/wp-json\/wp\/v2\/posts"}],"about":[{"href":"https:\/\/www.area-press.eu\/comunicatistampa\/wp-json\/wp\/v2\/types\/post"}],"author":[{"embeddable":true,"href":"https:\/\/www.area-press.eu\/comunicatistampa\/wp-json\/wp\/v2\/users\/4051"}],"replies":[{"embeddable":true,"href":"https:\/\/www.area-press.eu\/comunicatistampa\/wp-json\/wp\/v2\/comments?post=17783"}],"version-history":[{"count":4,"href":"https:\/\/www.area-press.eu\/comunicatistampa\/wp-json\/wp\/v2\/posts\/17783\/revisions"}],"predecessor-version":[{"id":17798,"href":"https:\/\/www.area-press.eu\/comunicatistampa\/wp-json\/wp\/v2\/posts\/17783\/revisions\/17798"}],"wp:attachment":[{"href":"https:\/\/www.area-press.eu\/comunicatistampa\/wp-json\/wp\/v2\/media?parent=17783"}],"wp:term":[{"taxonomy":"category","embeddable":true,"href":"https:\/\/www.area-press.eu\/comunicatistampa\/wp-json\/wp\/v2\/categories?post=17783"},{"taxonomy":"post_tag","embeddable":true,"href":"https:\/\/www.area-press.eu\/comunicatistampa\/wp-json\/wp\/v2\/tags?post=17783"}],"curies":[{"name":"wp","href":"https:\/\/api.w.org\/{rel}","templated":true}]}}