{"id":17775,"date":"2017-02-25T21:09:02","date_gmt":"2017-02-25T20:09:02","guid":{"rendered":"http:\/\/www.area-press.eu\/comunicatistampa\/?p=17775"},"modified":"2017-02-25T21:09:02","modified_gmt":"2017-02-25T20:09:02","slug":"coi-profumatori-per-armadi-mai-piu-odore-di-chiuso","status":"publish","type":"post","link":"https:\/\/www.area-press.eu\/comunicatistampa\/2017\/02\/25\/coi-profumatori-per-armadi-mai-piu-odore-di-chiuso\/","title":{"rendered":"Coi profumatori per armadi, mai pi\u00f9 odore di \u201cchiuso\u201d"},"content":{"rendered":"<p>Fra i nostri cinque sensi la <strong>vista<\/strong> \u00e8 senza dubbio quello pi\u00f9 sviluppato, mentre lo stesso non si pu\u00f2 dire per l\u2019<strong>olfatto<\/strong> di cui disponiamo, che \u00e8 s\u00ec sensibile, ma non tanto quanto quello della maggior parte degli altri animali. Eppure, pur non essendo in partenza particolarmente &#8220;dotati&#8221; dal punto di vista olfattivo, qualche volta faremmo ben volentieri a meno anche delle nostre esigue capacit\u00e0 quando <strong>sotto il naso capitano degli odori sgradevoli<\/strong>!<\/p>\n<p><img loading=\"lazy\" decoding=\"async\" class=\"alignright\" src=\"http:\/\/117.imagebam.com\/download\/TYuqyJk5MaSjJPHXcEt-1A\/53451\/534507337\/profumatore_armadio.jpg\" alt=\"Profumatore da armadio a forma di pecora\" width=\"217\" height=\"221\" \/>Anche fra le mura di casa nostra <strong>puzze<\/strong> di ogni tipo possono guastarci la giornata e perdurare a lungo nell&#8217;ambiente, ad esempio quando si intasa uno scarico del bagno, oppure per distrazione si brucia qualcosa ai fornelli. E che dire poi degli <strong>armadi che non vengono aperti da un po\u2019<\/strong>, che covano al loro interno il <strong>tipico odore di chiuso<\/strong> abbinato talvolta a spiacevoli <strong>nuance<\/strong> di muffa?<\/p>\n<p>Per evitare cattivi odori di questo tipo non bisogna mai dimenticarsi di <strong>far circolare un po\u2019 d\u2019aria all\u2019interno degli armadi<\/strong>, il che significa tenere aperte le ante per una mezz\u2019oretta almeno una volta alla settimana: cos\u00ec facendo gli odori tenderanno a essere meno fastidiosi e persistenti.<\/p>\n<p>Il colpo di grazia all\u2019aria viziata dei mobili potr\u00e0 essere <a href=\"http:\/\/www.eurotessuti.it\/profumotti\/gufo\" target=\"_blank\"><strong>un buon profumatore per armadi<\/strong><\/a>, preferibilmente a base di <strong>fragranze naturali<\/strong> come ad esempio gli olii essenziali, che contribuir\u00e0 a mantenere un\u2019<strong>atmosfera fresca e gradevolmente profumata<\/strong> all\u2019interno del mobilio.<\/p>\n<p>&nbsp;<\/p>\n","protected":false},"excerpt":{"rendered":"<p>Fra i nostri cinque sensi la vista \u00e8 senza dubbio quello pi\u00f9 sviluppato, mentre lo stesso non si pu\u00f2 dire per l\u2019olfatto di cui disponiamo, che \u00e8 s\u00ec sensibile, ma non tanto quanto quello della maggior parte degli altri animali. Eppure, pur non essendo in partenza particolarmente &#8220;dotati&#8221; dal punto di vista olfattivo, qualche volta [&hellip;]<\/p>\n","protected":false},"author":18,"featured_media":0,"comment_status":"open","ping_status":"open","sticky":false,"template":"","format":"standard","meta":{"footnotes":""},"categories":[6],"tags":[11480,11479],"class_list":["post-17775","post","type-post","status-publish","format-standard","hentry","category-ecommerce","tag-eliminare-odori-armadi","tag-profumatori-per-armadi"],"_links":{"self":[{"href":"https:\/\/www.area-press.eu\/comunicatistampa\/wp-json\/wp\/v2\/posts\/17775","targetHints":{"allow":["GET"]}}],"collection":[{"href":"https:\/\/www.area-press.eu\/comunicatistampa\/wp-json\/wp\/v2\/posts"}],"about":[{"href":"https:\/\/www.area-press.eu\/comunicatistampa\/wp-json\/wp\/v2\/types\/post"}],"author":[{"embeddable":true,"href":"https:\/\/www.area-press.eu\/comunicatistampa\/wp-json\/wp\/v2\/users\/18"}],"replies":[{"embeddable":true,"href":"https:\/\/www.area-press.eu\/comunicatistampa\/wp-json\/wp\/v2\/comments?post=17775"}],"version-history":[{"count":1,"href":"https:\/\/www.area-press.eu\/comunicatistampa\/wp-json\/wp\/v2\/posts\/17775\/revisions"}],"predecessor-version":[{"id":17776,"href":"https:\/\/www.area-press.eu\/comunicatistampa\/wp-json\/wp\/v2\/posts\/17775\/revisions\/17776"}],"wp:attachment":[{"href":"https:\/\/www.area-press.eu\/comunicatistampa\/wp-json\/wp\/v2\/media?parent=17775"}],"wp:term":[{"taxonomy":"category","embeddable":true,"href":"https:\/\/www.area-press.eu\/comunicatistampa\/wp-json\/wp\/v2\/categories?post=17775"},{"taxonomy":"post_tag","embeddable":true,"href":"https:\/\/www.area-press.eu\/comunicatistampa\/wp-json\/wp\/v2\/tags?post=17775"}],"curies":[{"name":"wp","href":"https:\/\/api.w.org\/{rel}","templated":true}]}}