{"id":17662,"date":"2017-02-21T18:49:09","date_gmt":"2017-02-21T17:49:09","guid":{"rendered":"http:\/\/www.area-press.eu\/comunicatistampa\/?p=17662"},"modified":"2017-02-21T18:49:09","modified_gmt":"2017-02-21T17:49:09","slug":"la-voglia-di-vivere-lurlo-alla-liberta-di-david-ego","status":"publish","type":"post","link":"https:\/\/www.area-press.eu\/comunicatistampa\/2017\/02\/21\/la-voglia-di-vivere-lurlo-alla-liberta-di-david-ego\/","title":{"rendered":"La voglia di vivere, l\u2019urlo alla libert\u00e0 di David Ego"},"content":{"rendered":"<p style=\"text-align: center\"><em>Il cantautore\u00a0 lombardo ritorna in radio e sui principali digital store con un nuovo singolo<br \/>\n<\/em><strong>Ghiro Records <\/strong><\/p>\n<p><iframe loading=\"lazy\" title=\"David Ego- La voglia di vivere\" width=\"500\" height=\"281\" src=\"https:\/\/www.youtube.com\/embed\/0nixfd76NOM?feature=oembed\" frameborder=\"0\" allow=\"accelerometer; autoplay; clipboard-write; encrypted-media; gyroscope; picture-in-picture; web-share\" referrerpolicy=\"strict-origin-when-cross-origin\" allowfullscreen><\/iframe><\/p>\n<p><strong>La Voglia di Vivere<\/strong> \u00a0\u00e8 un urlo alla libert\u00e0.<br \/>\nViene esaltata in una metafora in cui il protagonista \u00e8 un lupo.<br \/>\nIl lupo su questa terra lotta ogni giorno per sopravvivere resistendo con coraggio all&#8217;estinzione!<br \/>\nTradizionalmente identificato come l&#8217;animale &#8220;cattivo&#8221; delle favole, ancor oggi il lupo viene perseguitato dall&#8217;uomo ed \u00e8 riconosciuto come un pericolo da eliminare!<br \/>\nUn lupo \u00e8 vittima di caccia e discriminazione, solo perch\u00e9 creatura e figlio di una natura diversa, quella che l\u2019ha fatto nascere animale predatore con il bisogno di uccidere altri animali solo per sfamarsi e che lo rende comunque parte integrante di una catena alimentare che solo l\u2019uomo ritiene di avere il titolo di spezzare!<br \/>\nNella metafora il lupo \u00e8 chi ha il diritto di rimanere s\u00e9 stesso, di poter vivere a testa alta, senza paura e senza dover scappare o abbassare lo sguardo di fronte alle persecuzioni!<br \/>\nL&#8217;uomo \u00e8 invece l&#8217;uomo nella sua sfumatura pi\u00f9 cinica e grigia, creatore del sistema potere e denaro in cui il lupo viene visto solo come un ostacolo, un elemento scomodo e di disturbo!<br \/>\nUn lupo \u00e8 chi in questo mondo vuole solo essere riconosciuto e accettato in quanto lupo, senza essere costretto a diventare per assurdo \u201ccane\u201d facendosi addomesticare e diventando il miglior amico del suo stesso persecutore.<br \/>\nIn un mondo ideale dove tutti gli esseri viventi hanno pari dignit\u00e0.<br \/>\n<strong>David Ego<\/strong>, nome di battesimo Davide Lazzarini, \u00e8 un cantautore.<br \/>\nNato e cresciuto in provincia di Varese, luogo nel quale ancora oggi vive la sua attivit\u00e0 artistica, inizia il suo percorso musicale militando sin dall\u2019et\u00e0 adolescenziale in diverse cover band, calcando palchi in tutta Italia ed interpretando brani di ogni genere.<br \/>\nScrive per\u00f2 praticamente da sempre, per quello che lui sostiene essere il bisogno di comunicare, soprattutto con s\u00e9 stesso!<br \/>\nHa scritto oltre 300 canzoni, parole e musica, la gran parte rimaste nel cassetto.<br \/>\nPubblica, dal 2008 al 2014, 3 album autoprodotti: \u201cAlterEgo\u201d, \u201cIl mio mondo \u00e8 qui\u201d e \u201cLa strada dei sogni\u201d. Partecipa a festival e concorsi in tutta Italia ottenendo premi e riconoscimenti con almeno 16 brani estratti da questi 3 album.<br \/>\nNell\u2019ottobre del 2015 firma il suo primo contratto discografico con la Ghiro Records di David Marchetti, con la quale l\u2019intento \u00e8 di promuovere un\u2019idea musicale enorme, di un\u2019identit\u00e0 artistica ben precisa cresciuta in dieci anni di voglia e bisogno di scrivere, di creativit\u00e0, di grande amore per la musica, e che \u00e8 solo all\u2019inizio del suo sviluppo.<br \/>\nNel 2016 pubblica il video \u201cIstinto Animale\u201d che lo vede protagonista in un brano rock passionale, potente ed energico con la modella e show girl Zara Morandini.<br \/>\nContemporaneamente, all\u2019inizio del 2016, si concretizza anche la formazione della band che lo accompagna durante tutta la promozione live del suo ambizioso progetto musicale, e che vede Gionata Berrini alla chitarra, Simone Orsina al basso, Francesco Facconi alle tastiere e Mattia Borrelli alla batteria.<br \/>\nIl 2017 lo vede ancora protagonista con la promozione del suo nuovo singolo dal <strong>titolo \u201cLa Voglia di vivere\u201d, <\/strong>a cui seguir\u00e0 l\u2019album <strong>\u201cAnno zero\u201d.<\/strong><\/p>\n<p><strong><em>https:\/\/www.facebook.com\/DavidEgo-182908645400691\/<\/p>\n<p><\/em><\/strong><strong><em>Press, radio, Tv Agency<\/em><\/strong><strong><em><br \/>\nDCOD Communication By GB Play<br \/>\n<\/em><\/strong><a href=\"http:\/\/email.mediasender.it\/mpss\/c\/2AA\/b4sPAA\/t.1zm\/i8SexBOKQbKiIpIdHwpMyQ\/h1\/7zw2YiPbk5L6Shr0KtuZOxwBWzdbthqoGOGu4pzxXfB95SB1q1rmf9r1bdg5Z1eEJxOD6q6-2BF8-2Fb9CZ-2FYZSsqKFWCZQicwtu-2FM33XJxzSssqH2g4MLo-2FdJ8sfmVHgXNCflFO-2BEfTHzncEJSr4a9VWKU8I-2FOna0fLkwZM2-2FP4MBCaOdJFZVeUo4dRrQL7tFlMQyUAzURlvoCJa7XdC7WSu-2FqePe-2BNzuyU5T1XvlFCwmiGd-2Fpgqu3yOMT-2FqrHJ5HRWUVlorcibFfEQY7UVpF5hZg-3D-3D\">promoradio@dcodcommunication.it<br \/>\n<\/a><a href=\"http:\/\/email.mediasender.it\/mpss\/c\/2AA\/b4sPAA\/t.1zm\/i8SexBOKQbKiIpIdHwpMyQ\/h2\/7zw2YiPbk5L6Shr0KtuZOxwBWzdbthqoGOGu4pzxXfB95SB1q1rmf9r1bdg5Z1eEJxOD6q6-2BF8-2Fb9CZ-2FYZSsqKFWCZQicwtu-2FM33XJxzSsvxAAmhlhqPCwcrFQv23Iso26TiXzndwBz-2B2iUERBYIOjWunM0Y20-2BUkbgipQGzK8aIotCcPpPAk401AEfCBdOk-2BU-2Bv0dxNrcphbnEQYsAHS4XOGwHEtkcXl1PmV6fYUcTObOI7ooDQYKOyDaZPzweFz3BwZcz-2BXRi6XG0WsAKOlQ-3D-3D\">promostampa@dcocommunication.it<\/a><\/p>\n","protected":false},"excerpt":{"rendered":"<p>Il cantautore\u00a0 lombardo ritorna in radio e sui principali digital store con un nuovo singolo Ghiro Records La Voglia di Vivere \u00a0\u00e8 un urlo alla libert\u00e0. Viene esaltata in una metafora in cui il protagonista \u00e8 un lupo. Il lupo su questa terra lotta ogni giorno per sopravvivere resistendo con coraggio all&#8217;estinzione! Tradizionalmente identificato come [&hellip;]<\/p>\n","protected":false},"author":331,"featured_media":0,"comment_status":"open","ping_status":"open","sticky":false,"template":"","format":"standard","meta":{"footnotes":""},"categories":[12],"tags":[6661,11438,11439,690],"class_list":["post-17662","post","type-post","status-publish","format-standard","hentry","category-musica","tag-ego","tag-ghiro-records","tag-lupo","tag-nuovo-singolo"],"_links":{"self":[{"href":"https:\/\/www.area-press.eu\/comunicatistampa\/wp-json\/wp\/v2\/posts\/17662","targetHints":{"allow":["GET"]}}],"collection":[{"href":"https:\/\/www.area-press.eu\/comunicatistampa\/wp-json\/wp\/v2\/posts"}],"about":[{"href":"https:\/\/www.area-press.eu\/comunicatistampa\/wp-json\/wp\/v2\/types\/post"}],"author":[{"embeddable":true,"href":"https:\/\/www.area-press.eu\/comunicatistampa\/wp-json\/wp\/v2\/users\/331"}],"replies":[{"embeddable":true,"href":"https:\/\/www.area-press.eu\/comunicatistampa\/wp-json\/wp\/v2\/comments?post=17662"}],"version-history":[{"count":1,"href":"https:\/\/www.area-press.eu\/comunicatistampa\/wp-json\/wp\/v2\/posts\/17662\/revisions"}],"predecessor-version":[{"id":17664,"href":"https:\/\/www.area-press.eu\/comunicatistampa\/wp-json\/wp\/v2\/posts\/17662\/revisions\/17664"}],"wp:attachment":[{"href":"https:\/\/www.area-press.eu\/comunicatistampa\/wp-json\/wp\/v2\/media?parent=17662"}],"wp:term":[{"taxonomy":"category","embeddable":true,"href":"https:\/\/www.area-press.eu\/comunicatistampa\/wp-json\/wp\/v2\/categories?post=17662"},{"taxonomy":"post_tag","embeddable":true,"href":"https:\/\/www.area-press.eu\/comunicatistampa\/wp-json\/wp\/v2\/tags?post=17662"}],"curies":[{"name":"wp","href":"https:\/\/api.w.org\/{rel}","templated":true}]}}