{"id":17633,"date":"2017-02-21T18:49:08","date_gmt":"2017-02-21T17:49:08","guid":{"rendered":"http:\/\/www.area-press.eu\/comunicatistampa\/?p=17633"},"modified":"2017-02-21T18:49:08","modified_gmt":"2017-02-21T17:49:08","slug":"carnevale-green-laboratorio-di-riciclo-creativo-e-grande-sfilata-di-carnevale","status":"publish","type":"post","link":"https:\/\/www.area-press.eu\/comunicatistampa\/2017\/02\/21\/carnevale-green-laboratorio-di-riciclo-creativo-e-grande-sfilata-di-carnevale\/","title":{"rendered":"CARNEVALE GREEN: LABORATORIO DI RICICLO CREATIVO  E GRANDE SFILATA DI CARNEVALE"},"content":{"rendered":"<p><strong>Ma anche educazione alimentare con la Scuola dell\u2019Infanzia Santa Rosa\u2026<\/strong><strong>in compagnia degli asini!<\/strong><\/p>\n<p>Il Carnevale, si sa, \u00e8 l\u2019appuntamento annuale con il travestimento e l\u2019allegria, ma pu\u00f2 diventare anche un momento importante per trasmettere messaggi, per far divertire i pi\u00f9 piccoli dando al tempo stesso a loro e alle famiglie una opportunit\u00e0 per fare qualcosa di utile e significativo.<\/p>\n<p>Il Carnevale 2017 al Centro Commerciale Eurosia \u00e8 infatti <em>green<\/em>: regala tanta allegria, ma <strong>invita anche bambini e adulti a comportamenti e scelte ecologicamente corretti.<\/strong><\/p>\n<p>Originale l\u2019iniziativa che vede protagonisti <strong>i piccoli della Scuola dell\u2019Infanzia Santa Rosa di Parma: gioved\u00ec 23 febbraio arriveranno al centro Eurosia accompagnati da 4 asinelli per partecipare ad un laboratorio sulla corretta alimentazione,<\/strong> incentrato soprattutto sulla stagionalit\u00e0 di frutta e verdura.<\/p>\n<p>L\u2019obiettivo \u00e8 chiaro: avvicinare i bambini alla natura, trasmettendo loro il valore del rispetto per l\u2019ambiente, che diventa anche strumento per una vita pi\u00f9 sana. La frutta e la verdura utilizzate durante l\u2019attivit\u00e0 a Eurosia verranno portate a scuola per la festa di carnevale.<\/p>\n<p><strong>E non poteva mancare il laboratorio green di riciclo creativo, con la realizzazione di maschere di carnevale ecologiche.<\/strong><\/p>\n<p><strong>Domenica 26 febbraio<\/strong> tutti i bambini verranno coinvolti in attivit\u00e0 divertenti ed educative insieme, attraverso l\u2019utilizzo di materiali di riciclo; un modo per trasmettere un importante messaggio sul significato del riuso e sul rispetto delle risorse, senza rinunciare all&#8217;allegria del carnevale. Inoltre, <strong>animazioni e trucca bimbi.<\/strong><\/p>\n<p><strong>Marted\u00ec 28 febbraio<\/strong> alle ore 17:00, <strong>Grande Sfilata di carnevale<\/strong> guidata dai trampolieri green con musica, divertente set fotografico e tanti dolci. Previsti premi per i costumi pi\u00f9 belli ed ecologici.<\/p>\n<p><em>Abbiamo pensato di offrire alle famiglie, alle scuole, ai bambini e ai ragazzi, occasioni di intrattenimento originali e alternative<\/em>, <em>proposte\u00a0 che sappiano abbinate il divertimento con finalit\u00e0 educative <\/em>\u2013 spiega il <strong>Direttore di Eurosia Fabrizio Pacini<\/strong>. <em>Cos\u00ec anche il carnevale diventa un\u2019occasione di crescita per tutti.<\/em><\/p>\n<p><em>\u00a0<\/em><\/p>\n<p>&nbsp;<\/p>\n","protected":false},"excerpt":{"rendered":"<p>Ma anche educazione alimentare con la Scuola dell\u2019Infanzia Santa Rosa\u2026in compagnia degli asini! Il Carnevale, si sa, \u00e8 l\u2019appuntamento annuale con il travestimento e l\u2019allegria, ma pu\u00f2 diventare anche un momento importante per trasmettere messaggi, per far divertire i pi\u00f9 piccoli dando al tempo stesso a loro e alle famiglie una opportunit\u00e0 per fare qualcosa [&hellip;]<\/p>\n","protected":false},"author":3395,"featured_media":0,"comment_status":"open","ping_status":"open","sticky":false,"template":"","format":"standard","meta":{"footnotes":""},"categories":[29],"tags":[],"class_list":["post-17633","post","type-post","status-publish","format-standard","hentry","category-comunicati"],"_links":{"self":[{"href":"https:\/\/www.area-press.eu\/comunicatistampa\/wp-json\/wp\/v2\/posts\/17633","targetHints":{"allow":["GET"]}}],"collection":[{"href":"https:\/\/www.area-press.eu\/comunicatistampa\/wp-json\/wp\/v2\/posts"}],"about":[{"href":"https:\/\/www.area-press.eu\/comunicatistampa\/wp-json\/wp\/v2\/types\/post"}],"author":[{"embeddable":true,"href":"https:\/\/www.area-press.eu\/comunicatistampa\/wp-json\/wp\/v2\/users\/3395"}],"replies":[{"embeddable":true,"href":"https:\/\/www.area-press.eu\/comunicatistampa\/wp-json\/wp\/v2\/comments?post=17633"}],"version-history":[{"count":1,"href":"https:\/\/www.area-press.eu\/comunicatistampa\/wp-json\/wp\/v2\/posts\/17633\/revisions"}],"predecessor-version":[{"id":17634,"href":"https:\/\/www.area-press.eu\/comunicatistampa\/wp-json\/wp\/v2\/posts\/17633\/revisions\/17634"}],"wp:attachment":[{"href":"https:\/\/www.area-press.eu\/comunicatistampa\/wp-json\/wp\/v2\/media?parent=17633"}],"wp:term":[{"taxonomy":"category","embeddable":true,"href":"https:\/\/www.area-press.eu\/comunicatistampa\/wp-json\/wp\/v2\/categories?post=17633"},{"taxonomy":"post_tag","embeddable":true,"href":"https:\/\/www.area-press.eu\/comunicatistampa\/wp-json\/wp\/v2\/tags?post=17633"}],"curies":[{"name":"wp","href":"https:\/\/api.w.org\/{rel}","templated":true}]}}