{"id":17630,"date":"2017-02-21T18:49:08","date_gmt":"2017-02-21T17:49:08","guid":{"rendered":"http:\/\/www.area-press.eu\/comunicatistampa\/?p=17630"},"modified":"2017-02-21T18:49:08","modified_gmt":"2017-02-21T17:49:08","slug":"matteo-angeletti-e-la-sua-vertigine","status":"publish","type":"post","link":"https:\/\/www.area-press.eu\/comunicatistampa\/2017\/02\/21\/matteo-angeletti-e-la-sua-vertigine\/","title":{"rendered":"Matteo Angeletti e la sua \u201cVertigine\u201d"},"content":{"rendered":"<p style=\"text-align: center\"><strong><em>In radio e sui digital store \u00a0il singolo estratto dall\u2019album \u201cOggetto di desiderio\u201d<\/em><br \/>\n<em>Ghiro Records<\/em> <\/strong><\/p>\n<p><iframe loading=\"lazy\" title=\"Matteo Angeletti - Vertigine\" width=\"500\" height=\"281\" src=\"https:\/\/www.youtube.com\/embed\/AxzwbyjOzVw?feature=oembed\" frameborder=\"0\" allow=\"accelerometer; autoplay; clipboard-write; encrypted-media; gyroscope; picture-in-picture; web-share\" referrerpolicy=\"strict-origin-when-cross-origin\" allowfullscreen><\/iframe><\/p>\n<p><strong>Matteo Angeletti <\/strong>\u00a0approda in radio\u00a0\u00a0 con il brano dal titolo<strong> Vertigine . <\/strong>Un esperimento molto particolare dalle sonorit\u00e0 accattivanti che dimostra gi\u00e0 una spiccata maturit\u00e0 interpretativa. Una sfida che mette in gioco l\u2019artista veneto di fronte al popolo radiofonico italiano. Energia \u00a0e contaminazione, passione e voglia di creare qualcosa di nuovo, queste sono le caratteristiche che alimentano il suo grande amore per la \u00a0musica. Il Singolo, accompagnato da un videoclip che ha gi\u00e0 raggiunto un consistente \u00a0numero di visualizzazioni, \u00a0fa parte di un progetto discografico pi\u00f9 ampio dal titolo \u201cOggetto di desiderio\u201d in cui Matteo elabora le sue esperienze pop cantautoriali con il rock e con quelle venature elettroniche che danno al prodotto un\u2019impronta \u00a0di modernit\u00e0.<\/p>\n<p>Cantante dal vasto range e compositore di talento, nasce a Mestre (VE) il 23 dicembre 1992; la musica entra a far parte della sua vita fin dalla tenera et\u00e0 anche se spesso in maniera saltuaria, ma a 15 anni riceve in regalo la sua prima chitarra ed \u00e8 subito amore a prima vista. Grazie alle sue capacit\u00e0, e spinto da un grande desiderio di crearsi un futuro diverso del &#8220;normale lavoretto&#8221;, si cimenta nella composizione di canzoni e scrittura di testi. La musica diventer\u00e0 a breve la sua ragione di vita, uno spazio per sognare e rifugiarsi dai numerosi problemi dell&#8217;adolescenza. Dopo varie esperienze di gruppo con numerosi musicisti, intraprende la carriera solista con l&#8217;obbiettivo di creare musica originale moderna, cercando di unire le distorte sonorit\u00e0 del rock alla dance music. Nel 2016 firma un contratto con l&#8217;etichetta discografica &#8220;Ghiro Records&#8221; e pubblica il suo primo album &#8220;Oggetto di desiderio&#8221; che contiene il brano \u00a0&#8220;Vertigine<strong>&#8220;.<\/strong><\/p>\n<p><a href=\"https:\/\/www.facebook.com\/Matteo-Angeletti-320502757970320\/?fref=nf\">https:\/\/www.facebook.com\/Matteo-Angeletti-320502757970320\/?fref=nf<br \/>\n<\/a><\/p>\n<p><strong><em>Press, radio, Tv Agency<\/em><\/strong><strong><em><br \/>\nDCOD Communication By GB Play<br \/>\n<\/em><\/strong><a href=\"http:\/\/email.mediasender.it\/mpss\/c\/2AA\/b4sPAA\/t.1zm\/i8SexBOKQbKiIpIdHwpMyQ\/h1\/7zw2YiPbk5L6Shr0KtuZOxwBWzdbthqoGOGu4pzxXfB95SB1q1rmf9r1bdg5Z1eEJxOD6q6-2BF8-2Fb9CZ-2FYZSsqKFWCZQicwtu-2FM33XJxzSssqH2g4MLo-2FdJ8sfmVHgXNCflFO-2BEfTHzncEJSr4a9VWKU8I-2FOna0fLkwZM2-2FP4MBCaOdJFZVeUo4dRrQL7tFlMQyUAzURlvoCJa7XdC7WSu-2FqePe-2BNzuyU5T1XvlFCwmiGd-2Fpgqu3yOMT-2FqrHJ5HRWUVlorcibFfEQY7UVpF5hZg-3D-3D\">promoradio@dcodcommunication.it<br \/>\n<\/a><a href=\"http:\/\/email.mediasender.it\/mpss\/c\/2AA\/b4sPAA\/t.1zm\/i8SexBOKQbKiIpIdHwpMyQ\/h2\/7zw2YiPbk5L6Shr0KtuZOxwBWzdbthqoGOGu4pzxXfB95SB1q1rmf9r1bdg5Z1eEJxOD6q6-2BF8-2Fb9CZ-2FYZSsqKFWCZQicwtu-2FM33XJxzSsvxAAmhlhqPCwcrFQv23Iso26TiXzndwBz-2B2iUERBYIOjWunM0Y20-2BUkbgipQGzK8aIotCcPpPAk401AEfCBdOk-2BU-2Bv0dxNrcphbnEQYsAHS4XOGwHEtkcXl1PmV6fYUcTObOI7ooDQYKOyDaZPzweFz3BwZcz-2BXRi6XG0WsAKOlQ-3D-3D\">promostampa@dcocommunication.it<\/a><\/p>\n<p>&nbsp;<\/p>\n","protected":false},"excerpt":{"rendered":"<p>In radio e sui digital store \u00a0il singolo estratto dall\u2019album \u201cOggetto di desiderio\u201d Ghiro Records Matteo Angeletti \u00a0approda in radio\u00a0\u00a0 con il brano dal titolo Vertigine . Un esperimento molto particolare dalle sonorit\u00e0 accattivanti che dimostra gi\u00e0 una spiccata maturit\u00e0 interpretativa. Una sfida che mette in gioco l\u2019artista veneto di fronte al popolo radiofonico italiano. [&hellip;]<\/p>\n","protected":false},"author":331,"featured_media":0,"comment_status":"open","ping_status":"open","sticky":false,"template":"","format":"standard","meta":{"footnotes":""},"categories":[12],"tags":[11415,1632,11416],"class_list":["post-17630","post","type-post","status-publish","format-standard","hentry","category-musica","tag-angeletti","tag-radio-date","tag-vertigine"],"_links":{"self":[{"href":"https:\/\/www.area-press.eu\/comunicatistampa\/wp-json\/wp\/v2\/posts\/17630","targetHints":{"allow":["GET"]}}],"collection":[{"href":"https:\/\/www.area-press.eu\/comunicatistampa\/wp-json\/wp\/v2\/posts"}],"about":[{"href":"https:\/\/www.area-press.eu\/comunicatistampa\/wp-json\/wp\/v2\/types\/post"}],"author":[{"embeddable":true,"href":"https:\/\/www.area-press.eu\/comunicatistampa\/wp-json\/wp\/v2\/users\/331"}],"replies":[{"embeddable":true,"href":"https:\/\/www.area-press.eu\/comunicatistampa\/wp-json\/wp\/v2\/comments?post=17630"}],"version-history":[{"count":2,"href":"https:\/\/www.area-press.eu\/comunicatistampa\/wp-json\/wp\/v2\/posts\/17630\/revisions"}],"predecessor-version":[{"id":17632,"href":"https:\/\/www.area-press.eu\/comunicatistampa\/wp-json\/wp\/v2\/posts\/17630\/revisions\/17632"}],"wp:attachment":[{"href":"https:\/\/www.area-press.eu\/comunicatistampa\/wp-json\/wp\/v2\/media?parent=17630"}],"wp:term":[{"taxonomy":"category","embeddable":true,"href":"https:\/\/www.area-press.eu\/comunicatistampa\/wp-json\/wp\/v2\/categories?post=17630"},{"taxonomy":"post_tag","embeddable":true,"href":"https:\/\/www.area-press.eu\/comunicatistampa\/wp-json\/wp\/v2\/tags?post=17630"}],"curies":[{"name":"wp","href":"https:\/\/api.w.org\/{rel}","templated":true}]}}