{"id":17559,"date":"2017-02-17T14:11:00","date_gmt":"2017-02-17T13:11:00","guid":{"rendered":"http:\/\/www.area-press.eu\/comunicatistampa\/?p=17559"},"modified":"2017-02-17T14:11:00","modified_gmt":"2017-02-17T13:11:00","slug":"piastra-a-onde-istruzioni-per-luso","status":"publish","type":"post","link":"https:\/\/www.area-press.eu\/comunicatistampa\/2017\/02\/17\/piastra-a-onde-istruzioni-per-luso\/","title":{"rendered":"Piastra a onde | Istruzioni per l&#8217;uso"},"content":{"rendered":"<p>Sono davvero tante le ragazze che quotidianamente si chiedono come sia possibile ottenere delle onde che possano apparire del tutto naturali e conferire ai capelli un aspetto di grande morbidezza e lucentezza. Ebbene, per ottenere un simile effetto \u00e8 necessario impiegare uno strumento forse non noto a tutte ma dalla grande efficacia: la piastra a onde (detta anche <strong>piastra triferro<\/strong>). Di cosa si tratta e come funziona questo particolare tipo di piastra? La piastra a onde altro non \u00e8 che una piastra formata da tre tubi di acciaio che vanno a rendere ondulati i capelli in quanto questi vanno ad infilarsi tra i tubi sovrapposti l\u2019uno all\u2019altro, andando a creare cos\u00ec le tanto desiderate onde. \u00c8 una operazione che pu\u00f2 essere svolta in pochi minuti e che garantisce ottimi risultati, perfetta per chi ha sempre ammirato le onde perfette dei capelli delle star della tv ma che non \u00e8 mai riuscita ad ottenere un simile effetto su di se.<\/p>\n<p>Esistono inoltre alcuni buoni accorgimenti in grado di prolungare l\u2019effetto creato dalla piastra, e uno di questi \u00e8 certamente quello di utilizzare della lacca per capelli. Per ottenere risultati ottimali, \u00e8 bene andarne a spruzzare un p\u00f2 di prodotto su ogni ciocca prima del passaggio della <strong>piastra a onde<\/strong>, cos\u00ec facendo si otterr\u00e0 un risultato migliore e pi\u00f9 duraturo. Cambiare look non \u00e8 dunque cos\u00ec difficile, e delle volte bastano degli accorgimenti cos\u00ec semplici che richiedono soltanto qualche minuto di pazienza. Per individuare esattamente il modello di piastra che fa al caso tuo, puoi dare un\u2019occhiata alle recensioni presenti su <a href=\"http:\/\/www.piastraonde.it\/\">http:\/\/www.piastraonde.it<\/a> per facilitare la tua ricerca. All\u2019interno delle varie recensioni troverai il parere personale di chi le ha gi\u00e0 utilizzate ed importanti informazioni tecniche che ti saranno di grande aiuto nell\u2019individuare l\u2019esatto modello di piastra a onde in grado di soddisfare le tue esigenze.<\/p>\n","protected":false},"excerpt":{"rendered":"<p>Sono davvero tante le ragazze che quotidianamente si chiedono come sia possibile ottenere delle onde che possano apparire del tutto naturali e conferire ai capelli un aspetto di grande morbidezza e lucentezza. Ebbene, per ottenere un simile effetto \u00e8 necessario impiegare uno strumento forse non noto a tutte ma dalla grande efficacia: la piastra a [&hellip;]<\/p>\n","protected":false},"author":11,"featured_media":0,"comment_status":"open","ping_status":"open","sticky":false,"template":"","format":"standard","meta":{"footnotes":""},"categories":[18],"tags":[],"class_list":["post-17559","post","type-post","status-publish","format-standard","hentry","category-altri-vari"],"_links":{"self":[{"href":"https:\/\/www.area-press.eu\/comunicatistampa\/wp-json\/wp\/v2\/posts\/17559","targetHints":{"allow":["GET"]}}],"collection":[{"href":"https:\/\/www.area-press.eu\/comunicatistampa\/wp-json\/wp\/v2\/posts"}],"about":[{"href":"https:\/\/www.area-press.eu\/comunicatistampa\/wp-json\/wp\/v2\/types\/post"}],"author":[{"embeddable":true,"href":"https:\/\/www.area-press.eu\/comunicatistampa\/wp-json\/wp\/v2\/users\/11"}],"replies":[{"embeddable":true,"href":"https:\/\/www.area-press.eu\/comunicatistampa\/wp-json\/wp\/v2\/comments?post=17559"}],"version-history":[{"count":2,"href":"https:\/\/www.area-press.eu\/comunicatistampa\/wp-json\/wp\/v2\/posts\/17559\/revisions"}],"predecessor-version":[{"id":17562,"href":"https:\/\/www.area-press.eu\/comunicatistampa\/wp-json\/wp\/v2\/posts\/17559\/revisions\/17562"}],"wp:attachment":[{"href":"https:\/\/www.area-press.eu\/comunicatistampa\/wp-json\/wp\/v2\/media?parent=17559"}],"wp:term":[{"taxonomy":"category","embeddable":true,"href":"https:\/\/www.area-press.eu\/comunicatistampa\/wp-json\/wp\/v2\/categories?post=17559"},{"taxonomy":"post_tag","embeddable":true,"href":"https:\/\/www.area-press.eu\/comunicatistampa\/wp-json\/wp\/v2\/tags?post=17559"}],"curies":[{"name":"wp","href":"https:\/\/api.w.org\/{rel}","templated":true}]}}