{"id":17530,"date":"2017-02-16T15:23:29","date_gmt":"2017-02-16T14:23:29","guid":{"rendered":"http:\/\/www.area-press.eu\/comunicatistampa\/?p=17530"},"modified":"2017-02-16T15:23:29","modified_gmt":"2017-02-16T14:23:29","slug":"comuni-e-ats-alleati-a-favore-dei-cittadini-per-la-sfida-lanciata-dalla-l-r-23-una-maggiore-integrazione-delle-politiche-sociali-con-il-sistema-sociosanitario-lombardo","status":"publish","type":"post","link":"https:\/\/www.area-press.eu\/comunicatistampa\/2017\/02\/16\/comuni-e-ats-alleati-a-favore-dei-cittadini-per-la-sfida-lanciata-dalla-l-r-23-una-maggiore-integrazione-delle-politiche-sociali-con-il-sistema-sociosanitario-lombardo\/","title":{"rendered":"Comuni e Ats alleati a favore dei cittadini, per la sfida lanciata dalla L.r. 23: una maggiore integrazione delle politiche sociali con il sistema sociosanitario lombardo"},"content":{"rendered":"<p>\t<!--\n\t\t@page { margin: 2cm }\n\t\tP { margin-bottom: 0cm; text-align: justify }\n\t\tP.western { font-family: \"Calibri\", serif }\n\t\tP.cjk { font-family: \"Times New Roman\"; so-language: it-IT }\n\t\tP.ctl { font-family: \"Times New Roman\" }\n\t--><\/p>\n<p class=\"western\" align=\"JUSTIFY\"><span style=\"font-family: 'Times New Roman', serif\">Primi in Lombardia, i Sindaci bergamaschi hanno dato concretezza alla Legge di evoluzione del Sistema Sociosanitario Lombardo, Legge regionale 23 dell\u201911 agosto 2015 che attribuiva ai Comuni riuniti nella Conferenza dei Sindaci il compito di formulare proposte per l\u2019organizzazione territoriale dell\u2019attivit\u00e0 socio sanitaria e socioassistenziale, esprimere un parere sull\u2019integrazione sociosanitaria e sociale, verificare i progetti di competenza delle Ats e delle Asst. <\/span><\/p>\n<p class=\"western\" align=\"JUSTIFY\"><span style=\"font-family: 'Times New Roman', serif\">Nell\u2019incontro pubblico organizzato in sala Lombardia in Ats Bergamo il Consiglio ha presentato l\u2019organizzazione e le competenze dei diversi livelli di rappresentanza territoriale, con alcuni focus sulla programmazione sociale, sull\u2019integrazione sociosanitaria e anche alcuni punti di attenzione nell\u2019area sanitaria. Hanno inoltre provveduto all\u2019elezione delle cariche di rappresentanza, suddivise nei seguenti livelli:<\/span><\/p>\n<p class=\"western\" align=\"JUSTIFY\"><span style=\"font-family: 'Times New Roman', serif\">I livello \u2013 Conferenza dei Sindaci<\/span><\/p>\n<p class=\"western\" align=\"JUSTIFY\"><span style=\"font-family: 'Times New Roman', serif\">Elezione del Consiglio di Rappresentanza dei Sindaci<\/span><\/p>\n<p class=\"western\" align=\"JUSTIFY\"><span style=\"font-family: 'Times New Roman', serif\">II livello \u2013 Assemblee dei Sindaci dei Distretti<\/span><\/p>\n<p class=\"western\" align=\"JUSTIFY\"><span style=\"font-family: 'Times New Roman', serif\">Elezione dei Presidenti delle Assemblee dei 3 Distretti (Bergamo, Bergamo Est, Bergamo Ovest)<\/span><\/p>\n<p class=\"western\" align=\"JUSTIFY\"><span style=\"font-family: 'Times New Roman', serif\">III livello \u2013 Assemblee dei Sindaci di Ambito distrettuale<\/span><\/p>\n<p class=\"western\" align=\"JUSTIFY\"><span style=\"font-family: 'Times New Roman', serif\">Elezione dei Presidenti delle Assemblee dei 14 Ambiti Territoriali<\/span><\/p>\n<p class=\"western\" align=\"JUSTIFY\">\u201c<span style=\"font-family: 'Times New Roman', serif\"><i>Possiamo finalmente dire che, ad un anno dall\u2019entrata in vigore della riforma sociosanitaria lombarda, a Bergamo i Comuni scendono in campo: preparati, pronti e assolutamente convinti della necessit\u00e0 di esercitare pienamente il ruolo assegnato loro dalla norma, ovvero rappresentare le istanze, le domande ed i bisogni sociali e di salute delle comunit\u00e0 locali \u2013 ha detto <\/i>\u00a0<b>Maria Carolina Marchesi, Presidente della Conferenza dei Sindaci<\/b>, precisando &#8211; <i>Oggi, all\u2019interno del sistema sociosanitario provinciale, si \u00e8 delineato un nuovo assetto delle rappresentanze dei Sindaci nella gestione del territorio.\u00a0<\/i> <i>Un assetto diviso su tre livelli, diversi per competenze e per dimensioni territoriali: la Conferenza dei Sindaci, sede della sintesi provinciale delle politiche di welfare, le 3 Assemblee dei Sindaci di Distretto, \u201cluogo\u201d di presidio e verifica dell\u2019attuazione a livello territoriale dell\u2019auspicata integrazione sociosanitaria, le 14 Assemblee di Ambito Territoriale\/distrettuale, centro nevralgico ed operativo della gestione associata dei servizi e degli interventi sociali integrati con il sistema sanitario, formativo, lavorativo, abitativo del territorio.<\/i><\/span><\/p>\n<p class=\"western\" align=\"JUSTIFY\"><span style=\"font-family: 'Times New Roman', serif\"><i>Presidieremo tutto questo tenendo sempre come punto di riferimento la finalit\u00e0 pi\u00f9 alta delle politiche sociali territoriali, cio\u00e8 la coesione sociale nelle comunit\u00e0 locali.\u00a0<\/i><\/span><\/p>\n<p class=\"western\" align=\"JUSTIFY\">\u201c<span style=\"font-family: 'Times New Roman', serif\"><i>Obiettivo dell\u2019Ats &#8211; sottolineato<\/i><b> Mara Azzi, Direttore Generale Ats Bergamo &#8211; <\/b><i> \u00e8 quello di perseguire un orizzonte condiviso, finalizzato alla costituzione di un sistema integrato di prestazioni, servizi ed interventi sanitari, sociosanitari e sociali, a garanzia di uniformit\u00e0 ed equit\u00e0 a favore dei nostri cittadini e delle loro comunit\u00e0 di riferimento.<\/i><\/span><\/p>\n<p class=\"western\" align=\"JUSTIFY\"><span style=\"font-family: 'Times New Roman', serif\"><i>La complessit\u00e0 dei problemi da affrontare cresce per\u00f2 costantemente, a fronte di risorse sempre pi\u00f9 esigue. Per far fronte a questo \u00e8 necessario rafforzare la capacit\u00e0 di elaborare ed attuare programmazioni sinergiche e condivise, \u00e8 necessario cio\u00e8 consolidare la nostra capacit\u00e0 di \u201cfare rete\u201d.<\/i> <i>I Distretti Ats interagiranno quindi con tutti i soggetti erogatori del territorio per favorire una rete d\u2019offerta territoriale integrata, anche attraverso il coinvolgimento delle Assemblee dei Sindaci, per individuare priorit\u00e0 e politiche di sviluppo adeguate ad un territorio provinciale caratterizzato da una grande estensione geografica con significative differenze orografiche e un\u2019offerta diffusa ma sensibilmente diversificata\u201d.<\/i><\/span><\/p>\n","protected":false},"excerpt":{"rendered":"<p>Primi in Lombardia, i Sindaci bergamaschi hanno dato concretezza alla Legge di evoluzione del Sistema Sociosanitario Lombardo, Legge regionale 23 dell\u201911 agosto 2015 che attribuiva ai Comuni riuniti nella Conferenza dei Sindaci il compito di formulare proposte per l\u2019organizzazione territoriale dell\u2019attivit\u00e0 socio sanitaria e socioassistenziale, esprimere un parere sull\u2019integrazione sociosanitaria e sociale, verificare i progetti [&hellip;]<\/p>\n","protected":false},"author":3407,"featured_media":0,"comment_status":"open","ping_status":"open","sticky":false,"template":"","format":"standard","meta":{"footnotes":""},"categories":[4,13],"tags":[11354,11353],"class_list":["post-17530","post","type-post","status-publish","format-standard","hentry","category-attualita-e-societa","category-politica","tag-ats","tag-sindaci"],"_links":{"self":[{"href":"https:\/\/www.area-press.eu\/comunicatistampa\/wp-json\/wp\/v2\/posts\/17530","targetHints":{"allow":["GET"]}}],"collection":[{"href":"https:\/\/www.area-press.eu\/comunicatistampa\/wp-json\/wp\/v2\/posts"}],"about":[{"href":"https:\/\/www.area-press.eu\/comunicatistampa\/wp-json\/wp\/v2\/types\/post"}],"author":[{"embeddable":true,"href":"https:\/\/www.area-press.eu\/comunicatistampa\/wp-json\/wp\/v2\/users\/3407"}],"replies":[{"embeddable":true,"href":"https:\/\/www.area-press.eu\/comunicatistampa\/wp-json\/wp\/v2\/comments?post=17530"}],"version-history":[{"count":1,"href":"https:\/\/www.area-press.eu\/comunicatistampa\/wp-json\/wp\/v2\/posts\/17530\/revisions"}],"predecessor-version":[{"id":17531,"href":"https:\/\/www.area-press.eu\/comunicatistampa\/wp-json\/wp\/v2\/posts\/17530\/revisions\/17531"}],"wp:attachment":[{"href":"https:\/\/www.area-press.eu\/comunicatistampa\/wp-json\/wp\/v2\/media?parent=17530"}],"wp:term":[{"taxonomy":"category","embeddable":true,"href":"https:\/\/www.area-press.eu\/comunicatistampa\/wp-json\/wp\/v2\/categories?post=17530"},{"taxonomy":"post_tag","embeddable":true,"href":"https:\/\/www.area-press.eu\/comunicatistampa\/wp-json\/wp\/v2\/tags?post=17530"}],"curies":[{"name":"wp","href":"https:\/\/api.w.org\/{rel}","templated":true}]}}