{"id":17489,"date":"2017-02-16T14:34:07","date_gmt":"2017-02-16T13:34:07","guid":{"rendered":"http:\/\/www.area-press.eu\/comunicatistampa\/?p=17489"},"modified":"2017-02-16T14:34:07","modified_gmt":"2017-02-16T13:34:07","slug":"cori-obiettivo-65-parte-la-nuova-campagna-di-sensibilizzazione-per-la-raccolta-differenziata","status":"publish","type":"post","link":"https:\/\/www.area-press.eu\/comunicatistampa\/2017\/02\/16\/cori-obiettivo-65-parte-la-nuova-campagna-di-sensibilizzazione-per-la-raccolta-differenziata\/","title":{"rendered":"Cori, obiettivo 65%. Parte la nuova campagna di sensibilizzazione per la raccolta differenziata"},"content":{"rendered":"<p><strong>Per raggiungere l\u2019obiettivo previsto dalla legge, il Comune promuove incontri sul territorio, la riorganizzazione del servizio, attivit\u00e0 educative e la nuova app Wikiwaste<\/strong><\/p>\n<p>Il Comune di Cori vuole raggiungere il 65% di raccolta differenziata, limite previsto dalla legge. Per raggiungere questo traguardo ed evitare cos\u00ec le sanzioni previste, l\u2019amministrazione comunale ha deciso di lanciare la campagna di comunicazione \u201c<strong>Obiettivo 65% &#8211; Raccolta differenziata, una scelta consapevole<\/strong>\u201d, promossa in collaborazione con il Consorzio Formula Ambiente, azienda che gestir\u00e0 il servizio di raccolta rifiuti.<\/p>\n<p>Le innovazioni introdotte nel servizio verranno illustrate alla cittadinanza attraverso incontri pubblici e punti informativi, con il seguente programma. <strong>Punti informativi<\/strong>: <strong>Gioved\u00ec 16 febbraio<\/strong>, dalle ore 9 alle 13, via della Stazione, Giulianello; <strong>Venerd\u00ec 17 febbraio<\/strong>, dalle ore 9 alle 13, piazza Signina, Cori Monte; <strong>Sabato 18 febbraio<\/strong>, dalle ore 9 alle 13, piazza della Croce, Cori Valle. <strong>Incontri pubblici: Sabato 18 febbraio,<\/strong> ore 15, Delegazione Comunale, via della Stazione, Giulianello; <strong>Marted\u00ec 21 febbraio,<\/strong> ore 17.30, centro anziani, via Corrillo, Cori Valle; <strong>Sabato 25 febbraio<\/strong>, ore 15, Pro Loco, Piazza Sant&#8217;Oliva, Cori Monte.<\/p>\n<p>La prima novit\u00e0 \u00e8 il <strong>cambio di gestore<\/strong>: ad ASA succede il <strong>Consorzio<\/strong> <strong>Formula Ambiente<\/strong> che, come il predecessore, appartiene al <strong>CNS, Consorzio Nazionale Servizi<\/strong>.<\/p>\n<p>L\u2019altra \u00e8 la <strong>riorganizzazione del servizio di raccolta differenziata porta a porta<\/strong>: nei prossimi giorni i coresi riceveranno a domicilio un <strong>nuovo kit per la raccolta differenziata composto da sacchi compostabili<\/strong>, sotto lavello per l\u2019organico, sacchi gialli per la plastica e sacchi grigi per i materiali non riciclabili. Su quest\u2019ultimo dovr\u00e0 per\u00f2 essere applicato un <strong>Qr-Code<\/strong> fornito con il kit: tale codice \u00e8 univoco e associato all\u2019utenza, e servir\u00e0 a tracciare e verificare la quantit\u00e0 di materiale non riciclabile prodotto. Sar\u00e0 consegnato anche il <strong>calendario della raccolta<\/strong> e un <strong>opuscolo informativo<\/strong>.<\/p>\n<p>Il Consorzio Formula Ambiente propone inoltre un <strong>nuovo servizio a richiesta con la consegna del mastello rosso<\/strong>, dove dovranno essere conferiti pannolini, pannoloni e traverse sanitarie. Per integrare la dotazione gi\u00e0 in essere, ad alcune utenze verranno consegnati mastelli e carrellati a seconda delle specifiche esigenze.<\/p>\n<p>Cambiano gli <strong>orari d\u2019apertura del centro di raccolta comunale<\/strong> di via degli Artigiani (<strong>Marted\u00ec e gioved\u00ec <\/strong>dalle 14.00 alle 17.00; <strong>Mercoledi e sabato <\/strong>dalle ore 8 alle 12) e <strong>dell\u2019ecosportello<\/strong> allestito nella delegazione comunale in via della Stazione di Giulianello (<strong>tutti i venerd\u00ec <\/strong>dalle ore 10 alle 12).<\/p>\n<p>\u00c8 prevista poi l\u2019<strong>installazione di cinque contenitori per lo smaltimento degli oli alimentari esausti <\/strong>(uno presso il Centro Comunale di Raccolta, uno nel parcheggio dell\u2019Eurospin di via Le Pastine n. 4\/6 e gli altri accanto alle casette dell\u2019acqua).<\/p>\n<p><strong>Grande impulso verr\u00e0 dato alle attivit\u00e0 con le scuole<\/strong>, con un ciclo d\u2019incontri per gli alunni del locale Istituto Comprensivo sui temi della raccolta differenziata, del corretto smaltimento e sulla riduzione dei rifiuti.<\/p>\n<p>Da oggi inoltre i cittadini residenti a Cori potranno usufruire della nuova applicazione per smartphone <strong>Wikiwaste<\/strong>, dedicata alla raccolta differenziata e che ha da poco superato il milione di italiani serviti. Creata dalla Cooperativa ERICA<strong>, <\/strong>l\u2019applicazione \u00e8 fruibile sia per ambiente iOs (Apple) che Android e compatibile con la maggior parte degli smartphone e tablet disponibili sul mercato.<strong> Wikiwaste <\/strong>consentir\u00e0 agli utenti di consultare tutte le principali informazioni relative al servizio rifiuti. Navigando all\u2019interno del men\u00f9, i cittadini potranno sapere dove, come e quando conferire in modo corretto i propri rifiuti, ricevere news e segnalare in tempo reale discariche abusive o situazioni di degrado ambientale. Nella <strong>sezione \u201cabbandoni e segnalazioni\u201d<\/strong> infatti sar\u00e0 possibile inviare al Comune comunicazioni e fotografie per un intervento tempestivo di pulizia. In caso di dubbi su dove buttare i propri rifiuti, nella <strong>sezione \u201cDove lo butto?\u201d<\/strong> il cittadino non dovr\u00e0 fare altro che inserire nell\u2019apposito campo il rifiuto di cui ci si vuole disfare e ricever\u00e0 indicazioni circa il corretto conferimento dello stesso.<\/p>\n<p>Infine per i coresi sar\u00e0 possibile essere costantemente aggiornati sulla campagna \u201c<strong>Obiettivo 65%<\/strong>\u201d grazie alla <strong>pagina Facebook<\/strong> dedicata all\u2019iniziativa e denominata <strong><a href=\"https:\/\/www.facebook.com\/CoriDifferenzia\/?fref=ts\">Cori Differenzia<\/a>. <\/strong><\/p>\n<p>\u201c<em>Dopo 8 anni dall\u2019introduzione della raccolta dei rifiuti porta a porta e l\u2019apertura del Centro Comunale di Raccolta, abbiamo raggiunto nel 2016 quota 64% di raccolta differenziata <\/em>&#8211; sottolinea il <strong>Sindaco di Cori, Tommaso Conti <\/strong>&#8211; <em>Siamo una delle realt\u00e0 pi\u00f9 virtuose del panorama laziale, ma con questa campagna vogliamo compiere l\u2019ultimo salto che ci porterebbe al raggiungimento dell\u2019obiettivo del 65%. Voglio ringraziare la cittadinanza per l\u2019impegno dimostrato, ma la invito a continuare su questa strada per raggiungere il traguardo che ci siamo prefissati e ridurre il fenomeno dell\u2019abbandono, che purtroppo \u00e8 ancora molto diffuso sul territorio comunale<\/em>\u201d.<\/p>\n","protected":false},"excerpt":{"rendered":"<p>Per raggiungere l\u2019obiettivo previsto dalla legge, il Comune promuove incontri sul territorio, la riorganizzazione del servizio, attivit\u00e0 educative e la nuova app Wikiwaste Il Comune di Cori vuole raggiungere il 65% di raccolta differenziata, limite previsto dalla legge. Per raggiungere questo traguardo ed evitare cos\u00ec le sanzioni previste, l\u2019amministrazione comunale ha deciso di lanciare la [&hellip;]<\/p>\n","protected":false},"author":659,"featured_media":0,"comment_status":"open","ping_status":"open","sticky":false,"template":"","format":"standard","meta":{"footnotes":""},"categories":[4],"tags":[],"class_list":["post-17489","post","type-post","status-publish","format-standard","hentry","category-attualita-e-societa"],"_links":{"self":[{"href":"https:\/\/www.area-press.eu\/comunicatistampa\/wp-json\/wp\/v2\/posts\/17489","targetHints":{"allow":["GET"]}}],"collection":[{"href":"https:\/\/www.area-press.eu\/comunicatistampa\/wp-json\/wp\/v2\/posts"}],"about":[{"href":"https:\/\/www.area-press.eu\/comunicatistampa\/wp-json\/wp\/v2\/types\/post"}],"author":[{"embeddable":true,"href":"https:\/\/www.area-press.eu\/comunicatistampa\/wp-json\/wp\/v2\/users\/659"}],"replies":[{"embeddable":true,"href":"https:\/\/www.area-press.eu\/comunicatistampa\/wp-json\/wp\/v2\/comments?post=17489"}],"version-history":[{"count":1,"href":"https:\/\/www.area-press.eu\/comunicatistampa\/wp-json\/wp\/v2\/posts\/17489\/revisions"}],"predecessor-version":[{"id":17490,"href":"https:\/\/www.area-press.eu\/comunicatistampa\/wp-json\/wp\/v2\/posts\/17489\/revisions\/17490"}],"wp:attachment":[{"href":"https:\/\/www.area-press.eu\/comunicatistampa\/wp-json\/wp\/v2\/media?parent=17489"}],"wp:term":[{"taxonomy":"category","embeddable":true,"href":"https:\/\/www.area-press.eu\/comunicatistampa\/wp-json\/wp\/v2\/categories?post=17489"},{"taxonomy":"post_tag","embeddable":true,"href":"https:\/\/www.area-press.eu\/comunicatistampa\/wp-json\/wp\/v2\/tags?post=17489"}],"curies":[{"name":"wp","href":"https:\/\/api.w.org\/{rel}","templated":true}]}}