{"id":17438,"date":"2017-02-15T00:51:06","date_gmt":"2017-02-14T23:51:06","guid":{"rendered":"http:\/\/www.area-press.eu\/comunicatistampa\/?p=17438"},"modified":"2017-02-15T00:51:06","modified_gmt":"2017-02-14T23:51:06","slug":"parte-da-milano-il-comfort-technology-roadshow-2017-di-mce-prima-tappa-22-febbraio-2017-politecnico-di-milano-bovisa","status":"publish","type":"post","link":"https:\/\/www.area-press.eu\/comunicatistampa\/2017\/02\/15\/parte-da-milano-il-comfort-technology-roadshow-2017-di-mce-prima-tappa-22-febbraio-2017-politecnico-di-milano-bovisa\/","title":{"rendered":"Parte da Milano il Comfort Technology Roadshow 2017 di MCE: prima tappa 22 febbraio 2017 &#8211;  Politecnico di Milano Bovisa"},"content":{"rendered":"<h4><strong>22 febbraio 2017 &#8211; <\/strong><strong>Politecnico di Milano Bovisa, <\/strong><strong>Aula Magna \u201cCARASSA-DADDA\u201d, Edificio BL28, via Lambruschini 4b \u2013 ore 9,00<\/strong><\/h4>\n<h2><em>Smart City, Industria 4.0, Digital Energy, \u00a0quali le tecnologie, le soluzioni i modelli di business e le opportunit\u00e0 in materia di efficienza energetica?\u00a0 Questi i temi al centro dell\u2019incontro milanese.<\/em><\/h2>\n<p>Milano, 3 febbraio 2017 \u2013 MCE \u2013 MOSTRA CONVEGNO EXPOCOMFORT, manifestazione biennale leader mondiale nell\u2019impiantistica civile e industriale, nella climatizzazione e nelle energie rinnovabili, ritorna sul territorio con 4 tappe del<strong> Comfort Technology RoadShow \u2013 Progettare e Installare l\u2019Integrazione per l\u2019Efficienza <\/strong>, il tour degli eventi dedicati alla progettazione efficiente nell\u2019edilizia e nell\u2019impiantistica che dal 2013 rappresentano un\u2019occasione importante di formazione e informazione per tutti gli operatori del settore.<\/p>\n<p>Il primo appuntamento del Comfort Technology RoadShow \u00e8 in calendario a Milano il 22 febbraio presso il Politecnico di Milano Bovisa, Aula Magna \u201cCARASSA-DADDA\u201d, Edificio BL28, in Via Lambruschini 4B,\u00a0 dalle 9,00 alle 13,00, l\u2019ingresso \u00e8 gratuito previa registrazione:\u00a0 <a href=\"http:\/\/www.mcexpocomfort.it\/Eventi--Convegni\/Roadshow-Comfort-Technology-2017\/\">http:\/\/www.mcexpocomfort.it\/Eventi&#8211;Convegni\/Roadshow-Comfort-Technology-2017\/<\/a>.<\/p>\n<p>I temi al centro della tappa milanese, citt\u00e0 che sta vivendo un momento di grande vitalit\u00e0 dal punto di vista delle nuove costruzioni ad alte prestazioni energetiche, spazieranno dalle <strong>Smart City <\/strong>e il nuovo paradigma di produzione e consumo dell\u2019energia, <strong>all\u2019industria 4.0<\/strong> e la <strong>Digital Energy<\/strong>, l\u2019applicazione delle tecnologie digitali per l\u2019efficienza energetica non solo in ambito residenziale ma anche nell\u2019industria. E ancora, le tecnologie per l\u2019efficienza energetica negli edifici e nei servizi, con un\u2019attenzione particolare alla sostenibilit\u00e0 economica e gli incentivi del conto termico alla luce della nuova legge di stabilit\u00e0, per capire quali sono le tecnologie disponibili, le opportunit\u00e0 di mercato e il ruolo di tutte le figure professionali coinvolte.<\/p>\n<p>Il <strong>Comfort Technology RoadShow &#8211; Progettare e Installare l\u2019integrazione per l\u2019Efficienza 2017<\/strong> proseguir\u00e0 il suo cammino per <strong>Venezia<\/strong> a maggio, per arrivare a <strong>Bari<\/strong> a settembre e concludersi a <strong>Roma<\/strong> a novembre. Un percorso formativo e informativo rivolto a tutta la filiera: progettisti, imprese di installazione, gestori e manutentori, grandi utenti come enti pubblici, banche e assicurazioni, ESCo, GDO e industria, con il coinvolgimento delle realt\u00e0 locali pi\u00f9 rappresentative, delle istituzioni e delle associazioni di riferimento.<\/p>\n<p><em>L\u2019evento \u00e8 accreditato ai fini del conseguimento di n\u00b0 2 crediti formativi professionali per i geometri iscritti all&#8217;Albo provinciale di appartenenza &#8211; Le ore effettivamente frequentate potranno essere riconosciute per il mantenimento delle competenze dei Tecnici Certificatori iscritti a SACERT, previa richiesta con procedura on-line nella propria Area personale del sito SACERT.<\/em><\/p>\n<pre><strong>MCE - Mostra Convegno Expocomfort<\/strong>\r\n\r\nMostra Convegno Expocomfort \u00e8 la manifestazione internazionale biennale rivolta ai settori dell\u2019impiantistica civile e industriale: riscaldamento, condizionamento dell\u2019aria, refrigerazione, componentistica, valvolame, tecnica sanitaria, ambiente bagno, trattamento dell\u2019acqua, attrezzeria, energie rinnovabili e servizi. Ideata nel 1960 come prima mostra specializzata in Italia, MCE \u00e8 da oltre 50 anni leader di settore grazie alle comprovate capacit\u00e0 di seguire l\u2019evoluzione dei mercati di riferimento creando momenti di incontro, confronto e dibattito tecnico, culturale e politico. Mostra Convegno Expocomfort \u00e8 una manifestazione fieristica di propriet\u00e0 di Reed Exhibitions, il leader mondiale nell'organizzazione di fiere e congressi che gestisce oltre 500 eventi in 30 Paesi che hanno registrato pi\u00f9 di 7 milioni di partecipanti nel 2015. Reed Exhibitions conta 40 sedi in tutto il mondo a disposizione di 43 settori industriali. Reed Exhibitons fa parte di RELX Group plc, leader mondiale nella fornitura di soluzioni e servizi per clienti professionali in numerosi comparti<\/pre>\n","protected":false},"excerpt":{"rendered":"<p>22 febbraio 2017 &#8211; Politecnico di Milano Bovisa, Aula Magna \u201cCARASSA-DADDA\u201d, Edificio BL28, via Lambruschini 4b \u2013 ore 9,00 Smart City, Industria 4.0, Digital Energy, \u00a0quali le tecnologie, le soluzioni i modelli di business e le opportunit\u00e0 in materia di efficienza energetica?\u00a0 Questi i temi al centro dell\u2019incontro milanese. Milano, 3 febbraio 2017 \u2013 MCE [&hellip;]<\/p>\n","protected":false},"author":89,"featured_media":0,"comment_status":"open","ping_status":"open","sticky":false,"template":"","format":"standard","meta":{"footnotes":""},"categories":[8],"tags":[9848,4104],"class_list":["post-17438","post","type-post","status-publish","format-standard","hentry","category-eventi","tag-industria-4-0","tag-smart-city"],"_links":{"self":[{"href":"https:\/\/www.area-press.eu\/comunicatistampa\/wp-json\/wp\/v2\/posts\/17438","targetHints":{"allow":["GET"]}}],"collection":[{"href":"https:\/\/www.area-press.eu\/comunicatistampa\/wp-json\/wp\/v2\/posts"}],"about":[{"href":"https:\/\/www.area-press.eu\/comunicatistampa\/wp-json\/wp\/v2\/types\/post"}],"author":[{"embeddable":true,"href":"https:\/\/www.area-press.eu\/comunicatistampa\/wp-json\/wp\/v2\/users\/89"}],"replies":[{"embeddable":true,"href":"https:\/\/www.area-press.eu\/comunicatistampa\/wp-json\/wp\/v2\/comments?post=17438"}],"version-history":[{"count":1,"href":"https:\/\/www.area-press.eu\/comunicatistampa\/wp-json\/wp\/v2\/posts\/17438\/revisions"}],"predecessor-version":[{"id":17439,"href":"https:\/\/www.area-press.eu\/comunicatistampa\/wp-json\/wp\/v2\/posts\/17438\/revisions\/17439"}],"wp:attachment":[{"href":"https:\/\/www.area-press.eu\/comunicatistampa\/wp-json\/wp\/v2\/media?parent=17438"}],"wp:term":[{"taxonomy":"category","embeddable":true,"href":"https:\/\/www.area-press.eu\/comunicatistampa\/wp-json\/wp\/v2\/categories?post=17438"},{"taxonomy":"post_tag","embeddable":true,"href":"https:\/\/www.area-press.eu\/comunicatistampa\/wp-json\/wp\/v2\/tags?post=17438"}],"curies":[{"name":"wp","href":"https:\/\/api.w.org\/{rel}","templated":true}]}}