{"id":17433,"date":"2017-02-15T00:51:06","date_gmt":"2017-02-14T23:51:06","guid":{"rendered":"http:\/\/www.area-press.eu\/comunicatistampa\/?p=17433"},"modified":"2017-02-15T00:51:06","modified_gmt":"2017-02-14T23:51:06","slug":"loro-verde-di-cori-premiato-al-xii-concorso-provinciale-lolio-delle-colline","status":"publish","type":"post","link":"https:\/\/www.area-press.eu\/comunicatistampa\/2017\/02\/15\/loro-verde-di-cori-premiato-al-xii-concorso-provinciale-lolio-delle-colline\/","title":{"rendered":"L\u2019oro verde di Cori premiato al XII Concorso provinciale \u2018L\u2019Olio delle Colline\u2019"},"content":{"rendered":"<p><strong>Il Comune lepino ha espresso il maggior numero di partecipanti:\u00a032 gli oli coresi in gara. Il bottino finale: a \u2018I Lori\u2019 1\u00b0 Premio\u00a0\u2018Extra Vergine\u2019 nella categoria Fruttato Leggero, gran menzione e <\/strong><strong>riconoscimento \u2018Paesaggi e Buona Pratica Agricola\u2019 per il Comprensorio dei Lepini; Marco Carpineti 2\u00b0 all\u2019\u2018Olio Biologico\u2019 certificato a norma di legge. 9 gli olivicoltori di Cori presenti al\u00a01\u00b0 Salone dell\u2019Olio e delle Olive della provincia di Latina.<\/strong><\/p>\n<p>L\u2019oro verde di Cori \u00e8 stato tra i protagonisti del\u00a0<strong>XII Concorso provinciale \u2018L\u2019Olio delle Colline\u2019<\/strong>\u00a0organizzato dal Capol. Il Comune lepino ha espresso il maggior numero di partecipanti:\u00a0<strong>32 gli oli coresi in gara<\/strong> e un bottino finale di <strong>un primo posto, un secondo classificato, una gran menzione e il riconoscimento \u2018Paesaggi dell&#8217;Extravergine e Buona Pratica Agricola dei Lepini\u2019. <\/strong>Alle premiazioni erano presenti il Sindaco <strong>Tommaso Conti<\/strong> e la sua delegata all\u2019Agricoltura <strong>Sabrina Pistilli<\/strong>.<\/p>\n<p>La pi\u00f9 premiata \u00e8 stata la <strong>Societ\u00e0 Agricola \u2018I Lori\u2019\u00a0di Lina, Tiziana e Nicola Sturno<\/strong>. Una piccola e giovane realt\u00e0 olivicola che produce olio di grande qualit\u00e0, prettamente biologico. I circa 1500 ulivi monocultivar Itrana impiantati verso la fine del XIX secolo sono lavorati a mano per l\u2019impossibilit\u00e0 morfologica di utilizzare macchine agricole sui 7 ettari di terreno a 400 slm, dove resistono i muretti a secco costruiti in passato per facilitare e migliorare la raccolta delle olive.<\/p>\n<p>L\u2019azienda ha vinto il\u00a0<strong>1\u00b0 Premio\u00a0\u2018Extra Vergine\u2019 nella categoria Fruttato Leggero<\/strong>, attribuito agli oli extravergini che rispettano i parametri della normativa vigente dal Panel di assaggiatori professionisti del Capol, riconosciuto dal MIPAAF e operante presso la Camera di Commercio di Latina. Nella stessa sezione il pool di esperti guidati\u00a0dal Capo Panel del Consiglio Oleicolo Internazionale <strong>Giulio Scatolini<\/strong> e dal Presidente del Capol <strong>Luigi Centauri<\/strong> hanno dato\u00a0a \u2018I Lori\u2019 anche una\u00a0<strong>gran menzione<\/strong>.<\/p>\n<p>Alla famiglia Sturno \u00e8 stato consegnato pure il riconoscimento <strong>\u2018Paesaggi e Buona Pratica Agricola\u2019 per il Comprensorio dei Lepini<\/strong>, conferito da tecnici qualificati del settore agli olivicoltori che, tra le altre cose, sono impegnati nella tutela delle variet\u00e0 autoctone e delle caratteristiche paesaggistiche del territorio. L\u2019<strong>Azienda Agricola Biologica Marco Carpineti <\/strong>invece \u00e8 arrivata 2^ per <strong>\u2018Olio Biologico\u2019 <\/strong>certificato a norma di legge.<\/p>\n<p><strong>9 i produttori di Cori<\/strong> al\u00a0<strong>1\u00b0 Salone dell\u2019Olio e delle Olive della provincia di Latina<\/strong> ospitato presso il Consorzio per lo Sviluppo Industriale Roma Latina il 4 e 5 Febbraio. \u2018I Lori\u2019; Marco Carpineti; Cincinnato; Colle San Lorenzo; Appetito Luigi; \u2018Impervio\u2019 di Dante D&#8217;Elia; \u2018Odisseo\u2019 di Caratelli Stelvio; \u2018Rupebianca\u2019 di Caucci Molara Ubaldo,\u00a0<strong>menzione speciale<\/strong>\u00a0al\u00a0<strong>Concorso \u2018Assaggiatore per un giorno\u2019<\/strong>;\u00a0\u2018Rosa et Meo\u2019 di Catullo Manciocchi, che ha curato lo spazio espositivo dell\u2019Evoo made in Cori.<\/p>\n<p><strong><a href=\"http:\/\/ufficiostampaolmr.wix.com\/marcocastaldi\">Marco Castaldi<\/a><\/strong><\/p>\n<p><strong><a href=\"http:\/\/ufficiostampaolmr.wix.com\/marcocastaldi\">Addetto Stampa &amp; OLMR<\/a><\/strong><\/p>\n","protected":false},"excerpt":{"rendered":"<p>Il Comune lepino ha espresso il maggior numero di partecipanti:\u00a032 gli oli coresi in gara. Il bottino finale: a \u2018I Lori\u2019 1\u00b0 Premio\u00a0\u2018Extra Vergine\u2019 nella categoria Fruttato Leggero, gran menzione e riconoscimento \u2018Paesaggi e Buona Pratica Agricola\u2019 per il Comprensorio dei Lepini; Marco Carpineti 2\u00b0 all\u2019\u2018Olio Biologico\u2019 certificato a norma di legge. 9 gli olivicoltori [&hellip;]<\/p>\n","protected":false},"author":659,"featured_media":0,"comment_status":"open","ping_status":"open","sticky":false,"template":"","format":"standard","meta":{"footnotes":""},"categories":[8],"tags":[],"class_list":["post-17433","post","type-post","status-publish","format-standard","hentry","category-eventi"],"_links":{"self":[{"href":"https:\/\/www.area-press.eu\/comunicatistampa\/wp-json\/wp\/v2\/posts\/17433","targetHints":{"allow":["GET"]}}],"collection":[{"href":"https:\/\/www.area-press.eu\/comunicatistampa\/wp-json\/wp\/v2\/posts"}],"about":[{"href":"https:\/\/www.area-press.eu\/comunicatistampa\/wp-json\/wp\/v2\/types\/post"}],"author":[{"embeddable":true,"href":"https:\/\/www.area-press.eu\/comunicatistampa\/wp-json\/wp\/v2\/users\/659"}],"replies":[{"embeddable":true,"href":"https:\/\/www.area-press.eu\/comunicatistampa\/wp-json\/wp\/v2\/comments?post=17433"}],"version-history":[{"count":1,"href":"https:\/\/www.area-press.eu\/comunicatistampa\/wp-json\/wp\/v2\/posts\/17433\/revisions"}],"predecessor-version":[{"id":17434,"href":"https:\/\/www.area-press.eu\/comunicatistampa\/wp-json\/wp\/v2\/posts\/17433\/revisions\/17434"}],"wp:attachment":[{"href":"https:\/\/www.area-press.eu\/comunicatistampa\/wp-json\/wp\/v2\/media?parent=17433"}],"wp:term":[{"taxonomy":"category","embeddable":true,"href":"https:\/\/www.area-press.eu\/comunicatistampa\/wp-json\/wp\/v2\/categories?post=17433"},{"taxonomy":"post_tag","embeddable":true,"href":"https:\/\/www.area-press.eu\/comunicatistampa\/wp-json\/wp\/v2\/tags?post=17433"}],"curies":[{"name":"wp","href":"https:\/\/api.w.org\/{rel}","templated":true}]}}