{"id":17421,"date":"2017-02-14T12:11:16","date_gmt":"2017-02-14T11:11:16","guid":{"rendered":"http:\/\/www.area-press.eu\/comunicatistampa\/?p=17421"},"modified":"2017-02-14T12:11:16","modified_gmt":"2017-02-14T11:11:16","slug":"fra-le-metropoli-italiane-e-milano-la-capitale-delle-ambizioni-canore","status":"publish","type":"post","link":"https:\/\/www.area-press.eu\/comunicatistampa\/2017\/02\/14\/fra-le-metropoli-italiane-e-milano-la-capitale-delle-ambizioni-canore\/","title":{"rendered":"Fra le metropoli italiane \u00e8 Milano la capitale delle ambizioni canore"},"content":{"rendered":"<p><strong><em>\u00a0<\/em><\/strong><strong><em>I milanesi cantano il triplo dei romani<\/em><\/strong><\/p>\n<p><strong><em>\u00a0<\/em><\/strong><\/p>\n<p>I milanesi cantano di pi\u00f9, in misura ben tre volte maggiore dei romani. A darne notizia \u00e8 <a href=\"http:\/\/www.prontopro.it\/\"><strong>ProntoPro.it<\/strong><\/a> che, in vista della kermesse canora pi\u00f9 attesa dell\u2019anno, ha esaminato le richieste registrate sul sito nella sezione <em>lezioni di canto<\/em> provenienti dalle tre citt\u00e0 pi\u00f9 popolose d\u2019Italia: Milano, Roma e Napoli.<\/p>\n<p>Rapportando il numero di richieste ottenute nell\u2019ultimo anno al numero di abitanti delle tre metropoli \u00e8 emerso come i <strong>meneghini<\/strong> si dimostrino i performer pi\u00f9 appassionati, seguiti dai <strong>napoletani<\/strong> che precedono i <strong>romani<\/strong>, terzi in questa breve e buffa classifica.<\/p>\n<p>Se a Milano le richieste sono quasi il triplo di quelle registrate nella Capitale, Napoli ne registra il doppio rispetto a Roma. La netta prevalenza napoletana potrebbe rappresentare una conferma della crescita del business del neomelodico e di un genere emergente anche sulla scena nazionale quale il rap napoletano, di cui Clementino e Rocco Hunt sono solo gli esempi pi\u00f9 noti.<\/p>\n<p>Dal punto di vista dell\u2019et\u00e0 degli aspiranti cantanti, Milano e Napoli risultano pi\u00f9 giovani di Roma: quasi la met\u00e0 delle ugole milanesi che si sono affidate a ProntoPro.it per le loro lezioni (47%), ha un\u2019et\u00e0 compresa tra i 20 e i 30 anni e anche il 39% di quelle napoletane rientra nella medesima fascia, mentre a Roma un terzo delle richieste arriva da voci pi\u00f9 \u201cattempate\u201d, tra i 30 e i 50 anni.<\/p>\n<p>Il trio delle metropoli italiane preso in esame condivide invece gli stessi \u201caccordi\u201d per quanto riguarda la tipologia di lezione. Tutte le richieste registrate prediligono lezioni individuali: a Milano il 59%, a Roma il 79%, a Napoli il 67%. Niente duetti o band, dunque, ma unicamente solisti: nello spietato mondo dello <em>show-biz<\/em> guai a condividere i propri trucchi del mestiere!<\/p>\n<p>Milano guadagna quindi un altro primato: tra le sue maglie di citt\u00e0 numero uno per business e lavoro, nasconde anche un folto numero di cuori che battono a ritmo di musica e voci pronte a scaldarsi davanti a un microfono! Sar\u00e0 perch\u00e9, tra le tre citt\u00e0, \u00e8 la pi\u00f9 vicina alla riviera sanremese?<\/p>\n","protected":false},"excerpt":{"rendered":"<p>\u00a0I milanesi cantano il triplo dei romani \u00a0 I milanesi cantano di pi\u00f9, in misura ben tre volte maggiore dei romani. A darne notizia \u00e8 ProntoPro.it che, in vista della kermesse canora pi\u00f9 attesa dell\u2019anno, ha esaminato le richieste registrate sul sito nella sezione lezioni di canto provenienti dalle tre citt\u00e0 pi\u00f9 popolose d\u2019Italia: Milano, [&hellip;]<\/p>\n","protected":false},"author":2761,"featured_media":0,"comment_status":"open","ping_status":"open","sticky":false,"template":"","format":"standard","meta":{"footnotes":""},"categories":[29],"tags":[1719,4782,4881],"class_list":["post-17421","post","type-post","status-publish","format-standard","hentry","category-comunicati","tag-canto","tag-lezioni","tag-sanremo"],"_links":{"self":[{"href":"https:\/\/www.area-press.eu\/comunicatistampa\/wp-json\/wp\/v2\/posts\/17421","targetHints":{"allow":["GET"]}}],"collection":[{"href":"https:\/\/www.area-press.eu\/comunicatistampa\/wp-json\/wp\/v2\/posts"}],"about":[{"href":"https:\/\/www.area-press.eu\/comunicatistampa\/wp-json\/wp\/v2\/types\/post"}],"author":[{"embeddable":true,"href":"https:\/\/www.area-press.eu\/comunicatistampa\/wp-json\/wp\/v2\/users\/2761"}],"replies":[{"embeddable":true,"href":"https:\/\/www.area-press.eu\/comunicatistampa\/wp-json\/wp\/v2\/comments?post=17421"}],"version-history":[{"count":1,"href":"https:\/\/www.area-press.eu\/comunicatistampa\/wp-json\/wp\/v2\/posts\/17421\/revisions"}],"predecessor-version":[{"id":17423,"href":"https:\/\/www.area-press.eu\/comunicatistampa\/wp-json\/wp\/v2\/posts\/17421\/revisions\/17423"}],"wp:attachment":[{"href":"https:\/\/www.area-press.eu\/comunicatistampa\/wp-json\/wp\/v2\/media?parent=17421"}],"wp:term":[{"taxonomy":"category","embeddable":true,"href":"https:\/\/www.area-press.eu\/comunicatistampa\/wp-json\/wp\/v2\/categories?post=17421"},{"taxonomy":"post_tag","embeddable":true,"href":"https:\/\/www.area-press.eu\/comunicatistampa\/wp-json\/wp\/v2\/tags?post=17421"}],"curies":[{"name":"wp","href":"https:\/\/api.w.org\/{rel}","templated":true}]}}