{"id":17399,"date":"2017-02-14T12:11:15","date_gmt":"2017-02-14T11:11:15","guid":{"rendered":"http:\/\/www.area-press.eu\/comunicatistampa\/?p=17399"},"modified":"2017-02-14T12:11:15","modified_gmt":"2017-02-14T11:11:15","slug":"noleggio-auto-che-conviene","status":"publish","type":"post","link":"https:\/\/www.area-press.eu\/comunicatistampa\/2017\/02\/14\/noleggio-auto-che-conviene\/","title":{"rendered":"Noleggio Auto che conviene"},"content":{"rendered":"<p class=\"font_8\">Professionalit\u00e0, disponibilit\u00e0 e seriet\u00e0 fanno dell&#8217;<a href=\"http:\/\/www.autocenteravola.com\">Auto Center Avola<\/a> l&#8217;azienda ideale per soddisfare le vostre esigenze nel noleggio senza conducente. La nostra missione\u00a0aziendale\u00a0\u00e8,ottenere la massima soddisfazione del cliente unita alla perfetta funzionalit\u00e0 e qualit\u00e0 del servizio. Il servizio di noleggio \u00e8 comodo, personalizzato, flessibile e studiato in base alle esigenze del cliente e del traffico cittadino. Tutti i nostri veicoli sono dotati di ogni confort per garantire alla nostra clientela un eccellente servizio, inoltre ad ogni rientro, vengono scrupolosamente ripuliti e\u00a0 controllati per offrire\u00a0 massima sicurezza ai passeggeri. La nostra azienda contribuisce con passione e professionalit\u00e0 allo sviluppo turistico della Sicilia. Infatti da qualche anno fa parte del direttivo dell&#8217;associazione turistica Avola tra mare e canyon.<\/p>\n","protected":false},"excerpt":{"rendered":"<p>Professionalit\u00e0, disponibilit\u00e0 e seriet\u00e0 fanno dell&#8217;Auto Center Avola l&#8217;azienda ideale per soddisfare le vostre esigenze nel noleggio senza conducente. La nostra missione\u00a0aziendale\u00a0\u00e8,ottenere la massima soddisfazione del cliente unita alla perfetta funzionalit\u00e0 e qualit\u00e0 del servizio. Il servizio di noleggio \u00e8 comodo, personalizzato, flessibile e studiato in base alle esigenze del cliente e del traffico cittadino. [&hellip;]<\/p>\n","protected":false},"author":4018,"featured_media":0,"comment_status":"open","ping_status":"open","sticky":false,"template":"","format":"standard","meta":{"footnotes":""},"categories":[29],"tags":[],"class_list":["post-17399","post","type-post","status-publish","format-standard","hentry","category-comunicati"],"_links":{"self":[{"href":"https:\/\/www.area-press.eu\/comunicatistampa\/wp-json\/wp\/v2\/posts\/17399","targetHints":{"allow":["GET"]}}],"collection":[{"href":"https:\/\/www.area-press.eu\/comunicatistampa\/wp-json\/wp\/v2\/posts"}],"about":[{"href":"https:\/\/www.area-press.eu\/comunicatistampa\/wp-json\/wp\/v2\/types\/post"}],"author":[{"embeddable":true,"href":"https:\/\/www.area-press.eu\/comunicatistampa\/wp-json\/wp\/v2\/users\/4018"}],"replies":[{"embeddable":true,"href":"https:\/\/www.area-press.eu\/comunicatistampa\/wp-json\/wp\/v2\/comments?post=17399"}],"version-history":[{"count":1,"href":"https:\/\/www.area-press.eu\/comunicatistampa\/wp-json\/wp\/v2\/posts\/17399\/revisions"}],"predecessor-version":[{"id":17400,"href":"https:\/\/www.area-press.eu\/comunicatistampa\/wp-json\/wp\/v2\/posts\/17399\/revisions\/17400"}],"wp:attachment":[{"href":"https:\/\/www.area-press.eu\/comunicatistampa\/wp-json\/wp\/v2\/media?parent=17399"}],"wp:term":[{"taxonomy":"category","embeddable":true,"href":"https:\/\/www.area-press.eu\/comunicatistampa\/wp-json\/wp\/v2\/categories?post=17399"},{"taxonomy":"post_tag","embeddable":true,"href":"https:\/\/www.area-press.eu\/comunicatistampa\/wp-json\/wp\/v2\/tags?post=17399"}],"curies":[{"name":"wp","href":"https:\/\/api.w.org\/{rel}","templated":true}]}}