{"id":17325,"date":"2017-02-12T12:55:02","date_gmt":"2017-02-12T11:55:02","guid":{"rendered":"http:\/\/www.area-press.eu\/comunicatistampa\/?p=17325"},"modified":"2017-02-12T12:55:02","modified_gmt":"2017-02-12T11:55:02","slug":"make-milano-il-1-co-working-artigiano-riconosciuto-dal-comune-di-milano","status":"publish","type":"post","link":"https:\/\/www.area-press.eu\/comunicatistampa\/2017\/02\/12\/make-milano-il-1-co-working-artigiano-riconosciuto-dal-comune-di-milano\/","title":{"rendered":"Make Milano:  il 1\u00b0 Co-Working Artigiano riconosciuto dal Comune di Milano"},"content":{"rendered":"<p><strong>Milano <\/strong>\u2013 E\u2019 <strong>Make Milano<\/strong> il 1\u00b0 spazio di co-working artigiano accreditato dal Comune e inserito nell\u2019elenco dei privilegiati.<\/p>\n<p>Da oggi in poi, il termine <strong>co-working<\/strong> lascia il suo status di \u201cluogo alternativo ad un ufficio\u201d per entrare ufficialmente in quello di \u201cspazio dedicato alla condivisione e alle passioni\u201d. L\u2019evoluzione verso un modo moderno di lavorare non poteva lasciarsi alle spalle quelli che sono stati e sono tutt\u2019ora i <strong>lavori che rappresentano la tradizione italiana, come quelli legati al mondo dell\u2019artigianato o del fai da te<\/strong>. <strong>Si ritorna al passato ma con lo sguardo verso il futuro<\/strong> e in una citt\u00e0 come Milano, dove esistono stimoli di ogni genere e milioni di persone approdano anche solo per un giorno, uno spazio dove potersi fermare a creare o progettare, ha sicuramente un valore aggiunto.<\/p>\n<p>\u201cPer noi &#8211; sottolineano i titolari &#8211; \u00e8 un grande traguardo. Essere visti come <strong>l\u2019eccezione che conferma la regola<\/strong> \u00e8 una grossa soddisfazione, ma questo \u00e8 solo l\u2019inizio! <strong>Make Milano<\/strong> &#8211; concludono &#8211; vuole essere il <strong>punto di riferimento e il punto di partenza di tutti quegli artigiani, vecchi e nuovi, che oggi cercano una possibilit\u00e0 di riscatto<\/strong>\u201d.<\/p>\n<p><strong>Il Co-working artigiano <\/strong>si trova in via Friuli 64 all\u2019interno di un cortile in stile factory, in una location di oltre 250 mq, progettata e suddivisa in spazi pensati per accogliere la creativit\u00e0. \u00c8 facilmente raggiungibile da qualsiasi parte di Milano, e anche chi viene da altre citt\u00e0, usufruendo dalla Stazione Centrale e dall\u2019aeroporto di Linate, ha facile accesso.<\/p>\n<p><strong>Make Milano <\/strong>si rivolge in particolare a hobbisti e makers professionisti che, in uno spazio relazionale adatto alle loro esigenze possono <strong>moltiplicare network e sinergie con colleghi esperti in discipline complementari<\/strong>, con l\u2019ulteriore vantaggio di poter usufruire del <strong>supporto tecnico<\/strong> <strong>di professionisti<\/strong> formati nel settore, che si occupano di antichi saperi con una didattica rivisitata in chiave moderna.<\/p>\n<p><strong>Le postazioni sono attrezzate con il materiale, gli strumenti e le attrezzature specifiche a seconda dell\u2019area di lavoro, e i co-workers avranno anche la possibilit\u00e0 di usufruire di servizi commerciali quali ufficio comunicazione e stampa, reception per assistenza, segreteria e prenotazioni, esposizione dei prodotti e vendita.<\/strong><\/p>\n<p><strong>Make Milano<\/strong> per\u00f2 non \u00e8 solo un posto dove \u201cchi sa fare\u201d ha diritto ad esserci, ma \u00e8 molto di pi\u00f9! Ha anche uno spazio dedicato alla<strong> formazione, <\/strong>pensato per adulti e bambini; offre<strong> corsi<\/strong> diurni e serali a tema, <strong>percorsi artistici<\/strong>, <strong>workshop<\/strong>, <strong>consulenze<\/strong>, <strong>compleanni con laboratorio<\/strong>, <strong>eventi <\/strong>e<strong> team building aziendali<\/strong>.\u00a0 L\u2019opportunit\u00e0 di frequenza, per lavoro e condivisione ha tempi variabili grazie a diverse modalit\u00e0 di iscrizione: abbonamenti annuali, ingressi singoli o carnet, pacchetti mensili, disponibili in giorni e fasce orarie flessibili, dove \u00e8 possibile lavorare in maniera individuale o, su richiesta, supportati da Tutor professionisti.<\/p>\n<p>Oggi,<strong> Make Milano \u00e8 l\u2019unico spazio di co-working artigiano esistente nella citt\u00e0 di Milano <\/strong>e apre le porte a tutti coloro che hanno voglia di provare a mettersi in gioco. <strong>La creativit\u00e0 \u00e8 un privilegio di pochi e noi crediamo in loro. Vi aspettiamo tutti!!<\/strong><\/p>\n<p>&nbsp;<\/p>\n","protected":false},"excerpt":{"rendered":"<p>Milano \u2013 E\u2019 Make Milano il 1\u00b0 spazio di co-working artigiano accreditato dal Comune e inserito nell\u2019elenco dei privilegiati. Da oggi in poi, il termine co-working lascia il suo status di \u201cluogo alternativo ad un ufficio\u201d per entrare ufficialmente in quello di \u201cspazio dedicato alla condivisione e alle passioni\u201d. L\u2019evoluzione verso un modo moderno di [&hellip;]<\/p>\n","protected":false},"author":4009,"featured_media":0,"comment_status":"open","ping_status":"open","sticky":false,"template":"","format":"standard","meta":{"footnotes":""},"categories":[29],"tags":[],"class_list":["post-17325","post","type-post","status-publish","format-standard","hentry","category-comunicati"],"_links":{"self":[{"href":"https:\/\/www.area-press.eu\/comunicatistampa\/wp-json\/wp\/v2\/posts\/17325","targetHints":{"allow":["GET"]}}],"collection":[{"href":"https:\/\/www.area-press.eu\/comunicatistampa\/wp-json\/wp\/v2\/posts"}],"about":[{"href":"https:\/\/www.area-press.eu\/comunicatistampa\/wp-json\/wp\/v2\/types\/post"}],"author":[{"embeddable":true,"href":"https:\/\/www.area-press.eu\/comunicatistampa\/wp-json\/wp\/v2\/users\/4009"}],"replies":[{"embeddable":true,"href":"https:\/\/www.area-press.eu\/comunicatistampa\/wp-json\/wp\/v2\/comments?post=17325"}],"version-history":[{"count":1,"href":"https:\/\/www.area-press.eu\/comunicatistampa\/wp-json\/wp\/v2\/posts\/17325\/revisions"}],"predecessor-version":[{"id":17351,"href":"https:\/\/www.area-press.eu\/comunicatistampa\/wp-json\/wp\/v2\/posts\/17325\/revisions\/17351"}],"wp:attachment":[{"href":"https:\/\/www.area-press.eu\/comunicatistampa\/wp-json\/wp\/v2\/media?parent=17325"}],"wp:term":[{"taxonomy":"category","embeddable":true,"href":"https:\/\/www.area-press.eu\/comunicatistampa\/wp-json\/wp\/v2\/categories?post=17325"},{"taxonomy":"post_tag","embeddable":true,"href":"https:\/\/www.area-press.eu\/comunicatistampa\/wp-json\/wp\/v2\/tags?post=17325"}],"curies":[{"name":"wp","href":"https:\/\/api.w.org\/{rel}","templated":true}]}}