{"id":17222,"date":"2017-02-09T16:11:03","date_gmt":"2017-02-09T15:11:03","guid":{"rendered":"http:\/\/www.area-press.eu\/comunicatistampa\/?p=17222"},"modified":"2017-02-09T16:11:03","modified_gmt":"2017-02-09T15:11:03","slug":"frotcom-sara-presente-al-transpotec-2017","status":"publish","type":"post","link":"https:\/\/www.area-press.eu\/comunicatistampa\/2017\/02\/09\/frotcom-sara-presente-al-transpotec-2017\/","title":{"rendered":"Frotcom sar\u00e0 presente al Transpotec 2017"},"content":{"rendered":"<p><strong>Transpotec \u00e8 la fiera leader in Italia rivolta ai trasporti e alla logistica, che si terr\u00e0 a Verona, Italia.<\/strong><\/p>\n<p>Frotcom \u2013 Flotta Intelligente ha annunciato che sar\u00e0 presente con il suo premiato Sistema di tracciamento dei veicoli e gestione della flotta al Transpotec Logitec, che si svolger\u00e0 a Veronafiere, padiglione 7, stand A1.5, dal 22 al 25 febbraio 2017.<\/p>\n<p>Frotcom \u00e8 un sistema intelligente di tracciamento veicolare e gestione della flotta che aiuta le aziende a risparmiare denaro controllando l&#8217;attivit\u00e0 delle loro flotte, riducendo cos\u00ec i costi, aumentando la produttivit\u00e0, migliorando il servizio clienti, consentendo la mitigazione del rischio ed estendendo l&#8217;aspettativa di vita del veicolo.<\/p>\n<p>La societ\u00e0 metter\u00e0 in mostra il sistema di tracciamento dei veicoli e di gestione della flotta nonch\u00e9 le ultime innovazioni e sviluppi. Le aziende che desidereranno consultare i requisiti di gestione della flotta, possono cogliere l&#8217;occasione di vedere una dimostrazione dal vivo del sistema Frotcom <a href=\"http:\/\/info.frotcom.com\/acton\/media\/15144\/vieni-al-transpotec-con-frotcom-italia#.WJsdePnhDIU\">o fissare un appuntamento con il team di Frotcom<\/a>.<\/p>\n<p><strong>Come arrivare<\/strong><\/p>\n<p>Transpotec Logitec si svolger\u00e0 nella sede di <a href=\"https:\/\/www.google.it\/maps\/place\/Veronafiere\/@45.4166115,10.9754196,17z\/data=!3m1!4b1!4m5!3m4!1s0x477f5f7735a50c59:0x4e1d2e972f18599d!8m2!3d45.4166115!4d10.9776083?hl=it\">Veronafiere<\/a>, Viale del Lavoro 8, 37135 Verona.<\/p>\n<p>Lo stand di Frotcom sar\u00e0 situato al Padiglione 7, Stand A1.5. <a href=\"http:\/\/www.transpotec.com\/sites\/default\/files\/images\/pianta%20quartiere%20al%2008112016.png\">La mappa della mostra<\/a> \u00e8 scaricabile qui.<\/p>\n<p>________________________________________________________________________________<\/p>\n<p><strong>A proposito di Frotcom<\/strong><\/p>\n<p>Frotcom \u00e8 attualmente presente in pi\u00f9 di 30 paesi in tutto il mondo attraverso una rete di Partner Certificati Frotcom. Frotcom \u00e8 utilizzato da migliaia di aziende in tutto il mondo per la gestione della flotta e per il tracciamento GPS dei veicoli. La soluzione \u00e8 stata adottata sia dalle piccole che grandi flotte con pi\u00f9 di mille localizzatori GPS. Per saperne di pi\u00f9 visita: www.frotcom.com<\/p>\n<p>&nbsp;<\/p>\n<p># # #<\/p>\n<p>Se desideri ulteriori informazioni su questo argomento, si prega di contattare Sabrina Casagli di Frotcom Italia per telefono 02.49.47.96.22 o via e-mail all&#8217;indirizzo info@it.frotcom.com<\/p>\n","protected":false},"excerpt":{"rendered":"<p>Transpotec \u00e8 la fiera leader in Italia rivolta ai trasporti e alla logistica, che si terr\u00e0 a Verona, Italia. Frotcom \u2013 Flotta Intelligente ha annunciato che sar\u00e0 presente con il suo premiato Sistema di tracciamento dei veicoli e gestione della flotta al Transpotec Logitec, che si svolger\u00e0 a Veronafiere, padiglione 7, stand A1.5, dal 22 [&hellip;]<\/p>\n","protected":false},"author":3997,"featured_media":0,"comment_status":"open","ping_status":"open","sticky":false,"template":"","format":"immagine","meta":{"footnotes":""},"categories":[29],"tags":[],"class_list":["post-17222","post","type-post","status-publish","format-immagine","hentry","category-comunicati","post_format-immagine"],"_links":{"self":[{"href":"https:\/\/www.area-press.eu\/comunicatistampa\/wp-json\/wp\/v2\/posts\/17222","targetHints":{"allow":["GET"]}}],"collection":[{"href":"https:\/\/www.area-press.eu\/comunicatistampa\/wp-json\/wp\/v2\/posts"}],"about":[{"href":"https:\/\/www.area-press.eu\/comunicatistampa\/wp-json\/wp\/v2\/types\/post"}],"author":[{"embeddable":true,"href":"https:\/\/www.area-press.eu\/comunicatistampa\/wp-json\/wp\/v2\/users\/3997"}],"replies":[{"embeddable":true,"href":"https:\/\/www.area-press.eu\/comunicatistampa\/wp-json\/wp\/v2\/comments?post=17222"}],"version-history":[{"count":2,"href":"https:\/\/www.area-press.eu\/comunicatistampa\/wp-json\/wp\/v2\/posts\/17222\/revisions"}],"predecessor-version":[{"id":17224,"href":"https:\/\/www.area-press.eu\/comunicatistampa\/wp-json\/wp\/v2\/posts\/17222\/revisions\/17224"}],"wp:attachment":[{"href":"https:\/\/www.area-press.eu\/comunicatistampa\/wp-json\/wp\/v2\/media?parent=17222"}],"wp:term":[{"taxonomy":"category","embeddable":true,"href":"https:\/\/www.area-press.eu\/comunicatistampa\/wp-json\/wp\/v2\/categories?post=17222"},{"taxonomy":"post_tag","embeddable":true,"href":"https:\/\/www.area-press.eu\/comunicatistampa\/wp-json\/wp\/v2\/tags?post=17222"}],"curies":[{"name":"wp","href":"https:\/\/api.w.org\/{rel}","templated":true}]}}