{"id":16979,"date":"2017-02-02T10:28:00","date_gmt":"2017-02-02T09:28:00","guid":{"rendered":"http:\/\/www.area-press.eu\/comunicatistampa\/?p=16979"},"modified":"2017-02-02T10:28:00","modified_gmt":"2017-02-02T09:28:00","slug":"il-mondo-dei-tre-soli-terra-acqua-aria-e-fuocovolume-ii","status":"publish","type":"post","link":"https:\/\/www.area-press.eu\/comunicatistampa\/2017\/02\/02\/il-mondo-dei-tre-soli-terra-acqua-aria-e-fuocovolume-ii\/","title":{"rendered":"Il mondo dei tre soli &#8211; Terra, Acqua, Aria e Fuoco\tVolume II"},"content":{"rendered":"<table border=\"0\" width=\"100%\" align=\"center\">\n<tbody>\n<tr>\n<td class=\"BoxBoot3\" align=\"justify\">Le avventure continuano per la ragazza dagli occhi blu. Ritroviamo la giovane Mara cambiata, cresciuta e soprattutto maturata. Nuove sfide la attendono nel magico mondo dei tre soli, nuove amicizie e nuovi pericoli. Nonostante tutto e con l\u2019aiuto delle persone che ama, sapr\u00e0 farsi sempre forza, anche nei momenti pi\u00f9 difficili, e imparer\u00e0 a capire meglio addirittura se stessa. Tra la difficolt\u00e0 di capire di chi potersi fidare e la tenacia nel perseguire il suo amore per qualcuno forse in apparenza lontano, Mara riuscir\u00e0 a emergere in ogni situazione. L\u2019Autrice \u00e8 tornata a stupirci e coinvolgerci. Ci ha aperto una finestra su un \u201cmondo parallelo sospeso tra realt\u00e0 e fantasia\u201d e ci tiene ancorati al testo in attesa di scoprire come andr\u00e0 a finire.<\/td>\n<\/tr>\n<\/tbody>\n<\/table>\n","protected":false},"excerpt":{"rendered":"<p>La gelida acqua della cascata riusciva a lavar via la polvere e il sudore dalla sua pelle segnata dalle cicatrici ma non il ricordo di lei, della sua voce, del suo sorriso e dei suoi strani discorsi, pensava fosse gi\u00e0 andata via invece era appena apparsa, solo uno sguardo e poi addio per sempre. Aveva passato l\u2019intera notte a spaccare legna per tenersi occupato e non pensare, non pensare a quanto la desiderasse.<\/p>\n","protected":false},"author":3713,"featured_media":0,"comment_status":"open","ping_status":"open","sticky":false,"template":"","format":"standard","meta":{"footnotes":""},"categories":[29],"tags":[11080,9421,11079],"class_list":["post-16979","post","type-post","status-publish","format-standard","hentry","category-comunicati","tag-casa-editrice-kimerik","tag-fantasy","tag-rachele-mascolo"],"_links":{"self":[{"href":"https:\/\/www.area-press.eu\/comunicatistampa\/wp-json\/wp\/v2\/posts\/16979","targetHints":{"allow":["GET"]}}],"collection":[{"href":"https:\/\/www.area-press.eu\/comunicatistampa\/wp-json\/wp\/v2\/posts"}],"about":[{"href":"https:\/\/www.area-press.eu\/comunicatistampa\/wp-json\/wp\/v2\/types\/post"}],"author":[{"embeddable":true,"href":"https:\/\/www.area-press.eu\/comunicatistampa\/wp-json\/wp\/v2\/users\/3713"}],"replies":[{"embeddable":true,"href":"https:\/\/www.area-press.eu\/comunicatistampa\/wp-json\/wp\/v2\/comments?post=16979"}],"version-history":[{"count":2,"href":"https:\/\/www.area-press.eu\/comunicatistampa\/wp-json\/wp\/v2\/posts\/16979\/revisions"}],"predecessor-version":[{"id":16983,"href":"https:\/\/www.area-press.eu\/comunicatistampa\/wp-json\/wp\/v2\/posts\/16979\/revisions\/16983"}],"wp:attachment":[{"href":"https:\/\/www.area-press.eu\/comunicatistampa\/wp-json\/wp\/v2\/media?parent=16979"}],"wp:term":[{"taxonomy":"category","embeddable":true,"href":"https:\/\/www.area-press.eu\/comunicatistampa\/wp-json\/wp\/v2\/categories?post=16979"},{"taxonomy":"post_tag","embeddable":true,"href":"https:\/\/www.area-press.eu\/comunicatistampa\/wp-json\/wp\/v2\/tags?post=16979"}],"curies":[{"name":"wp","href":"https:\/\/api.w.org\/{rel}","templated":true}]}}