{"id":16924,"date":"2017-02-01T13:36:42","date_gmt":"2017-02-01T12:36:42","guid":{"rendered":"http:\/\/www.area-press.eu\/comunicatistampa\/?p=16924"},"modified":"2017-02-01T13:36:42","modified_gmt":"2017-02-01T12:36:42","slug":"tino-sana-presenta-grand-tour-e-lancia-in-anteprima-tour-65","status":"publish","type":"post","link":"https:\/\/www.area-press.eu\/comunicatistampa\/2017\/02\/01\/tino-sana-presenta-grand-tour-e-lancia-in-anteprima-tour-65\/","title":{"rendered":"TINO SANA PRESENTA \u201cGRAND TOUR\u201d E LANCIA IN ANTEPRIMA \u201cTOUR \u201965\u201d"},"content":{"rendered":"<p class=\"m_7657994395674871766m_7170372379884244971p3\" style=\"text-align: center\"><span class=\"m_7657994395674871766m_7170372379884244971s1\"><strong>TINO SANA PRESENTA \u201c<span class=\"il\">GRAND<\/span> <span class=\"il\">TOUR<\/span>\u201d<\/strong><\/span><\/p>\n<p class=\"m_7657994395674871766m_7170372379884244971p3\" style=\"text-align: center\"><span class=\"m_7657994395674871766m_7170372379884244971s1\"><strong>E LANCIA IN ANTEPRIMA \u201c<span class=\"il\">TOUR<\/span> \u201965\u201d<\/strong><\/span><\/p>\n<p class=\"m_7657994395674871766m_7170372379884244971p3\" style=\"text-align: center\"><span class=\"m_7657994395674871766m_7170372379884244971s1\"><strong>\u201c<span class=\"il\">Grand<\/span> <span class=\"il\">Tour<\/span>\u201d,\u00a0<\/strong><em>il \u00a0laboratorio di idee con la direzione artistica\u00a0<\/em><\/span><span class=\"m_7657994395674871766m_7170372379884244971s1\"><em>dello studio Basaglia Rota Nodari<\/em><\/span><\/p>\n<p class=\"m_7657994395674871766m_7170372379884244971p3\" style=\"text-align: center\"><span class=\"m_7657994395674871766m_7170372379884244971s1\"><em>\u00a0d\u00e0 il via al suo viaggio con il calcio balilla,\u00a0<\/em><\/span><\/p>\n<p class=\"m_7657994395674871766m_7170372379884244971p3\" style=\"text-align: center\"><span class=\"m_7657994395674871766m_7170372379884244971s1\"><em>primo pezzo della collezione che verr\u00e0 svelata durante la settimana\u00a0<\/em><\/span><span class=\"m_7657994395674871766m_7170372379884244971s1\"><em>del Salone del Mobile di Milano.<\/em><\/span><\/p>\n<p class=\"m_7657994395674871766m_7170372379884244971p3\" style=\"text-align: center\"><span class=\"m_7657994395674871766m_7170372379884244971s1\"><em>Con \u201c<span class=\"il\">Grand<\/span> <span class=\"il\">Tour<\/span>\u201d clienti e progettisti potranno sentirsi parte di una squadra.<\/em><\/span><\/p>\n<p class=\"m_7657994395674871766m_7170372379884244971p3\" style=\"text-align: center\">\n<p class=\"m_7657994395674871766m_7170372379884244971p3\"><span class=\"m_7657994395674871766m_7170372379884244971s1\">Da una costante ricerca di materiali innovativi e soluzioni creative, nasce \u201c<span class=\"il\">Tour<\/span> \u201865\u201d, il calcio balilla, anteprima di\u00a0<strong>&#8220;<span class=\"il\">Grand<\/span> <span class=\"il\">Tour<\/span>\u201d,<\/strong>\u00a0la nuova collezione che festeggia il successo globale di Tino Sana, storica azienda di arredamento di Almenno San Bartolomeo, famosa nel mondo per la realizzazione di arredi per alberghi, navi da crociera e complessi comunitari di grande prestigio. \u201c<strong><span class=\"il\">Grand<\/span> <span class=\"il\">Tour<\/span>\u201d<\/strong>\u00a0nasce dall\u2019esigenza e dalla ricerca continua dell\u2019azienda di offrire un servizio al cliente che sia capace di rispondere ad ogni singola esigenza. Un laboratorio di idee, di passione comune e collaborazione in grado di esprimere e realizzare i progetti\u00a0di ognuno.<\/span><\/p>\n<p class=\"m_7657994395674871766m_7170372379884244971p1\"><span class=\"m_7657994395674871766m_7170372379884244971s1\">La collezione<strong>\u00a0Tino Sana &#8220;<span class=\"il\">Grand<\/span> <span class=\"il\">Tour<\/span>&#8221; sar\u00e0 presentata dal 4 al 9 aprile durante il Salone del Mobile di Milano<\/strong>\u00a0e sar\u00e0 composta da pezzi personalizzabili ma prodotti in serie grazie alla collaborazione tra azienda e cliente, in un gioco di squadra verso sfide comuni. Collaborazioni di grande prestigio che vedono <span class=\"il\">Grand<\/span> <span class=\"il\">Tour<\/span> distinguersi per pezzi esclusivi di qualit\u00e0, fatti di passione artigiana, design d\u2019alta classe e dal cuore made in Italy. Un lavoro fatto di grande creativit\u00e0 e professionalit\u00e0, di attenzione altissima per i dettagli e per la qualit\u00e0 delle finiture, con colori e disegni ispirati dalla storicit\u00e0 dell\u2019azienda che viene espressa dal Museo di Falegname Tino Sana, dedicato all\u2019arte del mestiere del falegname, considerato oggi patrimonio culturale di altissimo profilo. Ogni pezzo della collezione prende infatti spunto dai pezzi del museo, vecchi attrezzi e botteghe con i loro arnesi: il seggiolaio, il modellista, il carraio, l\u2019intarsiatore, il bottaio, il liutaio.<\/span><\/p>\n<p class=\"m_7657994395674871766m_7170372379884244971p1\"><span class=\"m_7657994395674871766m_7170372379884244971s1\">Per sfide all\u2019ultimo goal grazie a un gioco di squadra, dove la continua ricerca di materiali innovativi, bellezza, etica e collaborazione diventano valori imprescindibili per la creazione di oggetti di alta gamma.\u00a0<\/span><\/p>\n<p class=\"m_7657994395674871766m_7170372379884244971p1\"><span class=\"m_7657994395674871766m_7170372379884244971s1\">Nell&#8217;attesa di svelare il progetto, nei prossimi giorni sar\u00e0 presentato in anteprima,\u00a0<strong>il calcio balilla \u201c<span class=\"il\">Tour<\/span> \u201865\u201d<\/strong>. Un must-have assoluto per \u201cragazzi\u201d di ogni et\u00e0, protagonista\u00a0<strong>dal 5 all\u20198 febbraio alla Fiera internazionale degli articoli sportivi di Monaco<\/strong>.\u00a0<strong>\u201c<span class=\"il\">Tour<\/span>\u201865\u201d<\/strong>\u00a0nasce al termine di un anno di ricerca, progettazione e sperimentazione dello studio di architettura Basaglia Rota Nodari. Futuristico il sistema di recupero della pallina, ma ancora pi\u00f9 innovativa la boccola, che trascende le forme classiche del biliardino grazie ad una sola vite che ne agevola il montaggio e lo smontaggio.<\/span><\/p>\n<p class=\"m_7657994395674871766m_7170372379884244971p1\"><span class=\"m_7657994395674871766m_7170372379884244971s1\">\u201c<span class=\"il\">Tour<\/span> \u201865\u201d \u00e8 disponibile in due varianti: tradizionale (bianco, nero, rosso, blu) e nelle versione legno in Rovere chiaro e Rovere scuro, per una realizzazione 100% Made in Italy, la soluzione ideale tra tecnologia e leggerezza che vede la collaborazione di Tino Sana con FAS, azienda leader mondiale nel settore dei tavoli da gioco.<\/span><\/p>\n","protected":false},"excerpt":{"rendered":"<p>TINO SANA PRESENTA \u201cGRAND TOUR\u201d E LANCIA IN ANTEPRIMA \u201cTOUR \u201965\u201d \u201cGrand Tour\u201d,\u00a0il \u00a0laboratorio di idee con la direzione artistica\u00a0dello studio Basaglia Rota Nodari \u00a0d\u00e0 il via al suo viaggio con il calcio balilla,\u00a0 primo pezzo della collezione che verr\u00e0 svelata durante la settimana\u00a0del Salone del Mobile di Milano. Con \u201cGrand Tour\u201d clienti e progettisti [&hellip;]<\/p>\n","protected":false},"author":3407,"featured_media":0,"comment_status":"open","ping_status":"open","sticky":false,"template":"","format":"standard","meta":{"footnotes":""},"categories":[29],"tags":[],"class_list":["post-16924","post","type-post","status-publish","format-standard","hentry","category-comunicati"],"_links":{"self":[{"href":"https:\/\/www.area-press.eu\/comunicatistampa\/wp-json\/wp\/v2\/posts\/16924","targetHints":{"allow":["GET"]}}],"collection":[{"href":"https:\/\/www.area-press.eu\/comunicatistampa\/wp-json\/wp\/v2\/posts"}],"about":[{"href":"https:\/\/www.area-press.eu\/comunicatistampa\/wp-json\/wp\/v2\/types\/post"}],"author":[{"embeddable":true,"href":"https:\/\/www.area-press.eu\/comunicatistampa\/wp-json\/wp\/v2\/users\/3407"}],"replies":[{"embeddable":true,"href":"https:\/\/www.area-press.eu\/comunicatistampa\/wp-json\/wp\/v2\/comments?post=16924"}],"version-history":[{"count":1,"href":"https:\/\/www.area-press.eu\/comunicatistampa\/wp-json\/wp\/v2\/posts\/16924\/revisions"}],"predecessor-version":[{"id":16925,"href":"https:\/\/www.area-press.eu\/comunicatistampa\/wp-json\/wp\/v2\/posts\/16924\/revisions\/16925"}],"wp:attachment":[{"href":"https:\/\/www.area-press.eu\/comunicatistampa\/wp-json\/wp\/v2\/media?parent=16924"}],"wp:term":[{"taxonomy":"category","embeddable":true,"href":"https:\/\/www.area-press.eu\/comunicatistampa\/wp-json\/wp\/v2\/categories?post=16924"},{"taxonomy":"post_tag","embeddable":true,"href":"https:\/\/www.area-press.eu\/comunicatistampa\/wp-json\/wp\/v2\/tags?post=16924"}],"curies":[{"name":"wp","href":"https:\/\/api.w.org\/{rel}","templated":true}]}}