{"id":15870,"date":"2016-12-30T14:31:55","date_gmt":"2016-12-30T13:31:55","guid":{"rendered":"http:\/\/www.area-press.eu\/comunicatistampa\/?p=15870"},"modified":"2016-12-30T14:31:55","modified_gmt":"2016-12-30T13:31:55","slug":"al-centro-vialarga-di-bologna-si-prepara-larrivo-della-befana-piu-buona-del-mondo-che-questanno-ha-deciso-di-aiutare-le-popolazioni-colpite-dal-sisma","status":"publish","type":"post","link":"https:\/\/www.area-press.eu\/comunicatistampa\/2016\/12\/30\/al-centro-vialarga-di-bologna-si-prepara-larrivo-della-befana-piu-buona-del-mondo-che-questanno-ha-deciso-di-aiutare-le-popolazioni-colpite-dal-sisma\/","title":{"rendered":"Al centro Vialarga di Bologna  si prepara l\u2019arrivo della Befana pi\u00f9 buona del mondo che quest\u2019anno ha deciso di aiutare le popolazioni colpite dal sisma"},"content":{"rendered":"<p>L\u2019Epifania a Bologna diventa sempre pi\u00f9 un\u2019occasione per fare un atto di solidariet\u00e0 concreto, grazie al coinvolgimento dei Quartieri, degli istituti scolastici e delle famiglie.<\/p>\n<p>Da 22 anni<em> La Befana pi\u00f9 buona del mondo<\/em> contribuisce a sensibilizzare i pi\u00f9 giovani su valori come l\u2019attenzione al proprio territorio e la solidariet\u00e0, insegnando loro che basta davvero poco per dare un contributo concreto al miglioramento della qualit\u00e0 della vita di tutti. L\u2019importante \u00e8 farlo insieme, condividendo un obiettivo comune.<\/p>\n<p><strong>\u00a0<\/strong>L\u2019evento negli ultimi anni ha visto la partecipazione di centinaia di bambini e ragazzi di Bologna e provincia, che con la loro generosit\u00e0 hanno permesso di raccogliere fondi a favore di tante realt\u00e0 e progetti; lo scorso anno la somma raccolta \u00e8 stata <strong>devoluta all\u2019Istituto Ramazzini<\/strong>, un\u2019eccellenza italiana che da oltre 40 anni si occupa di ricerca e di attivit\u00e0 diagnostica per la prevenzione e la cura dei tumori.<\/p>\n<p><strong>\u00a0<\/strong><strong><em>La Befana pi\u00f9 buona del mondo<\/em><\/strong><strong> viene riproposta anche nel 2017,<\/strong> <strong>con un altro importante obiettivo di solidariet\u00e0<\/strong>: i contributi raccolti saranno finalizzati\u00a0 a sostenere le popolazioni colpite dal terremoto che ha interessato le regioni del Centro Italia dal 24 agosto scorso.<\/p>\n<p><strong>\u00a0<\/strong><strong>Mercoled\u00ec 4,<\/strong> <strong>Gioved\u00ec 5 e Venerd\u00ec 6 Gennaio, <em>la Befana pi\u00f9 buona del mondo<\/em><\/strong> arriva al Centro Commerciale Vialarga \u2013 Quartiere San Vitale, e regaler\u00e0 la calza a tutti i bambini che vorranno incontrarla a fronte di un piccolo contributo (la rinuncia alla propria <strong><em>paghetta<\/em><\/strong>) che verr\u00e0 <strong>donato alla Protezione Civile Emilia Romagna per aiutare i territori del Centro Italia colpiti dal sisma.<\/strong><\/p>\n<p><strong>\u00a0<\/strong>La <strong>Protezione Civile di Bologna<\/strong> <strong>ha fatto tantissimo in questi mesi.<\/strong><\/p>\n<p><em>Gi\u00e0 poche ore dopo la prima scossa di fine agosto<\/em> &#8211;\u00a0 spiega <strong><em>Matteo Castelli, <\/em><\/strong>Presidente pro tempore Consulta Provinciale del Volontariato di Protezione Civile Bologna &#8211; <em>le nostre squadre sono partite in supporto al Magazzino Centrale dell&#8217;Agenzia della sicurezza del territorio e protezione civile operando nell&#8217;allestimento del materiale richiesto dal dipartimento per le zone colpite.<\/em><\/p>\n<p><em>La nostra operativit\u00e0 \u00e8 proseguita su una base di turnazione nella localit\u00e0 di Montegallo dove si \u00e8 allestito il campo di accoglienza operando nella logistica e nella predisposizione dei pasti per la popolazione colpita; successivamente le nuove scosse che hanno colpito UMBRIA e MARCHE ci hanno visto operativi sul Comune di Caldarola, dove ad oggi si \u00e8 presenti a turno nell&#8217;area dove abbiamo la cucina e diamo pasti alla popolazione.\u00a0<\/em><\/p>\n<p><strong>\u00a0<\/strong>Anche attraverso la Befana i cittadini hanno quindi l\u2019opportunit\u00e0 di dare il proprio contributo a questo impegno, con un piccolo contributo che pu\u00f2 avere un significato enorme in quei luoghi in cui manca davvero tutto e c\u2019\u00e8 bisogno di ritornare alla normalit\u00e0.<\/p>\n<p>Da segnalare che Iper Conad \u2013 all\u2019insegna della responsabilit\u00e0 sociale che lo connota \u2013 regala a tutti coloro che daranno un\u2019offerta per la calza della bont\u00e0 un buono sconto sulla spesa.<\/p>\n<p><strong>\u00a0<\/strong><strong>Gioved\u00ec 5 gennaio alle ore 16:30 arriva <\/strong>IL MONDO DELLE PRINCIPESSE SHOW: uno spettacolo da non perdere, un\u2019avventura indimenticabile, le pi\u00f9 belle e famose principesse create dalla fantasia WALT DISNEY tra gioielli, abiti fiabeschi e palazzi reali e le pi\u00f9 belle e famose canzoni, in grado di stupire grandi e piccini, distribuendo emozioni ed energia positiva.<\/p>\n","protected":false},"excerpt":{"rendered":"<p>Gioved\u00ec 5 gennaio spettacolo con IL MONDO DELLE PRINCIPESSE SHOW<\/p>\n","protected":false},"author":3395,"featured_media":0,"comment_status":"open","ping_status":"open","sticky":false,"template":"","format":"standard","meta":{"footnotes":""},"categories":[29],"tags":[],"class_list":["post-15870","post","type-post","status-publish","format-standard","hentry","category-comunicati"],"_links":{"self":[{"href":"https:\/\/www.area-press.eu\/comunicatistampa\/wp-json\/wp\/v2\/posts\/15870","targetHints":{"allow":["GET"]}}],"collection":[{"href":"https:\/\/www.area-press.eu\/comunicatistampa\/wp-json\/wp\/v2\/posts"}],"about":[{"href":"https:\/\/www.area-press.eu\/comunicatistampa\/wp-json\/wp\/v2\/types\/post"}],"author":[{"embeddable":true,"href":"https:\/\/www.area-press.eu\/comunicatistampa\/wp-json\/wp\/v2\/users\/3395"}],"replies":[{"embeddable":true,"href":"https:\/\/www.area-press.eu\/comunicatistampa\/wp-json\/wp\/v2\/comments?post=15870"}],"version-history":[{"count":1,"href":"https:\/\/www.area-press.eu\/comunicatistampa\/wp-json\/wp\/v2\/posts\/15870\/revisions"}],"predecessor-version":[{"id":15871,"href":"https:\/\/www.area-press.eu\/comunicatistampa\/wp-json\/wp\/v2\/posts\/15870\/revisions\/15871"}],"wp:attachment":[{"href":"https:\/\/www.area-press.eu\/comunicatistampa\/wp-json\/wp\/v2\/media?parent=15870"}],"wp:term":[{"taxonomy":"category","embeddable":true,"href":"https:\/\/www.area-press.eu\/comunicatistampa\/wp-json\/wp\/v2\/categories?post=15870"},{"taxonomy":"post_tag","embeddable":true,"href":"https:\/\/www.area-press.eu\/comunicatistampa\/wp-json\/wp\/v2\/tags?post=15870"}],"curies":[{"name":"wp","href":"https:\/\/api.w.org\/{rel}","templated":true}]}}