{"id":15739,"date":"2016-12-28T18:21:54","date_gmt":"2016-12-28T17:21:54","guid":{"rendered":"http:\/\/www.area-press.eu\/comunicatistampa\/?p=15739"},"modified":"2016-12-28T18:21:54","modified_gmt":"2016-12-28T17:21:54","slug":"pmi-e-il-bando-per-laccesso-al-credito-le-recensioni-a-cura-di-general-cessioni","status":"publish","type":"post","link":"https:\/\/www.area-press.eu\/comunicatistampa\/2016\/12\/28\/pmi-e-il-bando-per-laccesso-al-credito-le-recensioni-a-cura-di-general-cessioni\/","title":{"rendered":"PMI e il bando per l\u2019accesso al credito: le recensioni a cura di General Cessioni"},"content":{"rendered":"<p><em><strong><a title=\"General Cessioni, Recensioni ed Opinioni\" href=\"http:\/\/www.corpg.it\/aziende\/general-cessioni-s-r-l\/\">General Cessioni,<\/a> societ\u00e0 specializzata nella gestione di compravendite aziendali ed industriali, recentemente ha promosso opinioni e recensioni in merito al bando pubblicato dalla Camera di Commercio di Brescia per le PMI. Nel dettaglio il bando mira a supportare ed agevolare le micro, piccole e medie imprese nelle procedure di accesso al credito bancario. <\/strong><\/em><\/p>\n<h2>Il bando promosso nella provincia di Brescia: le recensioni a cura di General Cessioni<\/h2>\n<p>Sottolineato anche dalle recensioni di <strong><a title=\"Le recensioni di General Cessioni\" href=\"http:\/\/www.corpg.it\/aziende\/general-cessioni-s-r-l\/\">General Cessioni<\/a><\/strong>, la Camera di Commercio di Brescia ha pubblicato il bando per l&#8217;accesso al credito con l&#8217;obiettivo di agevolare le micro, piccole e medie imprese del territorio, favorendo investimenti e in concomitanza supplire alla carenza di liquidit\u00e0 delle imprese. Con una dotazione fiscale complessiva di 2 milioni di euro, il bando \u00e8 accessibile alle realt\u00e0 con sede nella provincia di Brescia, iscritte presso il Registro delle imprese della CCIA e che non beneficino gi\u00e0 di altri finanziamenti e\/o contributi pubblici. Come descritto dalla Camera di Commercio e dalle <strong>recensioni <\/strong>di <strong>General Cessioni<\/strong>, le domande di partecipazione per le micro o PMI appartenenti al settore del commercio, turismo e servizi devo essere inoltrate entro e non oltre il 24 gennaio 2017. Per il settore dell&#8217;artigianato e del comparto industriale, rispettivamente entro il 1 e il 9 febbraio 2017.<\/p>\n<h2>General Cessioni e i servizi dedicati alla compravendita di aziende<\/h2>\n<p>Con sede nella citt\u00e0 di Milano, <strong><a title=\"Opinioni Recensioni General Cessioni\" href=\"http:\/\/www.corpg.it\/aziende\/general-cessioni-s-r-l\/\">General Cessioni<\/a><\/strong> S.r.l. \u00e8 una realt\u00e0 attiva nella consulenza per l&#8217;intermediazione aziendale. Con servizi finalizzati anche alla rilevazione e alla cessione in ambito nazionale ed internazionale, la societ\u00e0 pone la trasparenza e l&#8217;attenzione al cliente come elementi al centro di ogni fase del progetto. Nella gestione delle trattative, <strong>General Cessioni<\/strong> valuta scrupolosamente le necessit\u00e0 dei proprietari di pubblici esercizi, negozi, immobili a reddito, complessi immobiliari e siti industriali al fine di supportare il cliente e fornirgli soluzioni vantaggiose in termini di realizzo e di tempistiche.<\/p>\n","protected":false},"excerpt":{"rendered":"<p>General Cessioni, societ\u00e0 specializzata nella gestione di compravendite aziendali ed industriali, recentemente ha promosso opinioni e recensioni in merito al bando pubblicato dalla Camera di Commercio di Brescia per le PMI. Nel dettaglio il bando mira a supportare ed agevolare le micro, piccole e medie imprese nelle procedure di accesso al credito bancario. Il bando [&hellip;]<\/p>\n","protected":false},"author":40,"featured_media":0,"comment_status":"open","ping_status":"open","sticky":false,"template":"","format":"standard","meta":{"footnotes":""},"categories":[29],"tags":[],"class_list":["post-15739","post","type-post","status-publish","format-standard","hentry","category-comunicati"],"_links":{"self":[{"href":"https:\/\/www.area-press.eu\/comunicatistampa\/wp-json\/wp\/v2\/posts\/15739","targetHints":{"allow":["GET"]}}],"collection":[{"href":"https:\/\/www.area-press.eu\/comunicatistampa\/wp-json\/wp\/v2\/posts"}],"about":[{"href":"https:\/\/www.area-press.eu\/comunicatistampa\/wp-json\/wp\/v2\/types\/post"}],"author":[{"embeddable":true,"href":"https:\/\/www.area-press.eu\/comunicatistampa\/wp-json\/wp\/v2\/users\/40"}],"replies":[{"embeddable":true,"href":"https:\/\/www.area-press.eu\/comunicatistampa\/wp-json\/wp\/v2\/comments?post=15739"}],"version-history":[{"count":1,"href":"https:\/\/www.area-press.eu\/comunicatistampa\/wp-json\/wp\/v2\/posts\/15739\/revisions"}],"predecessor-version":[{"id":15744,"href":"https:\/\/www.area-press.eu\/comunicatistampa\/wp-json\/wp\/v2\/posts\/15739\/revisions\/15744"}],"wp:attachment":[{"href":"https:\/\/www.area-press.eu\/comunicatistampa\/wp-json\/wp\/v2\/media?parent=15739"}],"wp:term":[{"taxonomy":"category","embeddable":true,"href":"https:\/\/www.area-press.eu\/comunicatistampa\/wp-json\/wp\/v2\/categories?post=15739"},{"taxonomy":"post_tag","embeddable":true,"href":"https:\/\/www.area-press.eu\/comunicatistampa\/wp-json\/wp\/v2\/tags?post=15739"}],"curies":[{"name":"wp","href":"https:\/\/api.w.org\/{rel}","templated":true}]}}