{"id":15712,"date":"2016-12-28T18:21:53","date_gmt":"2016-12-28T17:21:53","guid":{"rendered":"http:\/\/www.area-press.eu\/comunicatistampa\/?p=15712"},"modified":"2016-12-28T18:21:53","modified_gmt":"2016-12-28T17:21:53","slug":"ritorna-il-pranzo-in-famiglia-per-le-festivita-2016-una-ulteriore-conferma-per-il-food-and-beverage-made-in-italy","status":"publish","type":"post","link":"https:\/\/www.area-press.eu\/comunicatistampa\/2016\/12\/28\/ritorna-il-pranzo-in-famiglia-per-le-festivita-2016-una-ulteriore-conferma-per-il-food-and-beverage-made-in-italy\/","title":{"rendered":"RITORNA IL PRANZO IN FAMIGLIA PER LE FESTIVITA&#8217; 2016: UNA ULTERIORE CONFERMA PER IL FOOD AND BEVERAGE MADE IN ITALY"},"content":{"rendered":"<p>In un periodo pieno di incertezze come quello attuale non c&#8217;\u00e8 da stupirsi se il ritorno al pranzo di Natale in famiglia riscuote un cos\u00ec ampio consenso da parte degli italiani, 9 italiani su dieci hanno infatti optato per il tradizionale pranzo parentale, complici molteplici fattori tra cui la paura degli attentati, la deflazione ma soprattutto la propensione degli italiani alla gestione sempre pi\u00f9 attenta del portafoglio familiare.<\/p>\n<p>Chiediamo ad un professionista del settore, il dr. RICCARDO FORNASIER, food and beverage manager e titolare del brend italiano VIGNANTICA con 120 punti vendita dedicati al vino al suo attivo, come sono andate le vendite per queste festivit\u00e0 natalizie 2016 e qual&#8217;\u00e8 il trend dei consumi del food and beverage made in Italy;<br \/>\nRisponde il dr.Fornasier;<br \/>\nConfcoperative ha stimato 4,6 miliardi di spese per i men\u00f9 delle feste e confermo che i risultati parlano chiaro; gli italiani preferiscono il pranzo in famiglia, in pi\u00f9 secondo sempre confcoperative delle 600 milioni di bottiglie previste 470 milioni saranno di prosecco, ulteriore conferma che il vino italiano rappresenta ad oggi la prima scelta per il pranzo di natale ed il cenone di capodanno, credo che questa tendenza sia dovuta oltre che alla situazione di deflazione in corso, che ha visto una diminuzione dei prezzi al consumo pari allo 0,1% rispetto all&#8217;inizio dell&#8217;anno, soprattutto al livello qualitativo del food and beverage made in Italy che si conferma ancora una volta come locomotiva trainante per il nostro paese, basti pensare che, secondo confartigianato, quest&#8217;anno l&#8217;export di specialit\u00e0 alimentari italiane ha al suo attivo ben 30,9 miliardi, il 3,3% in pi\u00f9 rispetto all&#8217;anno precedente. Dobbiamo analizzare bene queste cifre che ci portano ad una conclusione importante; gli italiani scelgono la qualit\u00e0 a tavola e soprattutto si st\u00e0 sempre pi\u00f9 consolidando la convinzione che mangiar bene non sia solo un piacere per il palato ma anche per la salute, perci\u00f2 sono fermamente convinto che la tendenza al consumo di cibi e vini di qualit\u00e0 sar\u00e0 un fenomeno in costante aumento anche per il 2017 non solo per gli italiani ma anche per gli stranieri worldwide che confermeranno le aspettative positive per l&#8217;original made in Italy<\/p>\n","protected":false},"excerpt":{"rendered":"<p>In un periodo pieno di incertezze come quello attuale non c&#8217;\u00e8 da stupirsi se il ritorno al pranzo di Natale in famiglia riscuote un cos\u00ec ampio consenso da parte degli italiani, 9 italiani su dieci hanno infatti optato per il tradizionale pranzo parentale, complici molteplici fattori tra cui la paura degli attentati, la deflazione ma [&hellip;]<\/p>\n","protected":false},"author":3760,"featured_media":0,"comment_status":"open","ping_status":"open","sticky":false,"template":"","format":"standard","meta":{"footnotes":""},"categories":[29],"tags":[],"class_list":["post-15712","post","type-post","status-publish","format-standard","hentry","category-comunicati"],"_links":{"self":[{"href":"https:\/\/www.area-press.eu\/comunicatistampa\/wp-json\/wp\/v2\/posts\/15712","targetHints":{"allow":["GET"]}}],"collection":[{"href":"https:\/\/www.area-press.eu\/comunicatistampa\/wp-json\/wp\/v2\/posts"}],"about":[{"href":"https:\/\/www.area-press.eu\/comunicatistampa\/wp-json\/wp\/v2\/types\/post"}],"author":[{"embeddable":true,"href":"https:\/\/www.area-press.eu\/comunicatistampa\/wp-json\/wp\/v2\/users\/3760"}],"replies":[{"embeddable":true,"href":"https:\/\/www.area-press.eu\/comunicatistampa\/wp-json\/wp\/v2\/comments?post=15712"}],"version-history":[{"count":3,"href":"https:\/\/www.area-press.eu\/comunicatistampa\/wp-json\/wp\/v2\/posts\/15712\/revisions"}],"predecessor-version":[{"id":15719,"href":"https:\/\/www.area-press.eu\/comunicatistampa\/wp-json\/wp\/v2\/posts\/15712\/revisions\/15719"}],"wp:attachment":[{"href":"https:\/\/www.area-press.eu\/comunicatistampa\/wp-json\/wp\/v2\/media?parent=15712"}],"wp:term":[{"taxonomy":"category","embeddable":true,"href":"https:\/\/www.area-press.eu\/comunicatistampa\/wp-json\/wp\/v2\/categories?post=15712"},{"taxonomy":"post_tag","embeddable":true,"href":"https:\/\/www.area-press.eu\/comunicatistampa\/wp-json\/wp\/v2\/tags?post=15712"}],"curies":[{"name":"wp","href":"https:\/\/api.w.org\/{rel}","templated":true}]}}