{"id":15644,"date":"2016-12-23T22:30:12","date_gmt":"2016-12-23T21:30:12","guid":{"rendered":"http:\/\/www.area-press.eu\/comunicatistampa\/?p=15644"},"modified":"2016-12-23T22:30:12","modified_gmt":"2016-12-23T21:30:12","slug":"sciugarella-il-nuovo-modo-di-asciugare-il-bucato","status":"publish","type":"post","link":"https:\/\/www.area-press.eu\/comunicatistampa\/2016\/12\/23\/sciugarella-il-nuovo-modo-di-asciugare-il-bucato\/","title":{"rendered":"Sciugarella, il nuovo modo di asciugare il bucato"},"content":{"rendered":"<p>Presentata <em><strong>Sciugarella<\/strong><\/em>, la nuova <strong>asciugabiancheria<\/strong> che ha l&#8217;ambizione di rivoluzionare il concetto di asciugatura del bucato che in 60 cm di spazio e con soli 50w di consumo \u00e8 in grado di asciugare fino a 7 kg di bucato. Scoprila subito su <strong><a href=\"http:\/\/proelit.it\/shop\/shop\/sciugarella.html\">www.sciugarella.com<\/a><\/strong><\/p>\n<p>Il tempo dello stendino in casa e della classica asciugatrice \u00e8 ormai passato e, da oggi, con Sciugarella asciugare il bucato non sar\u00e0 pi\u00f9 un problema. L\u2019evento di presentazione organizzato all&#8217;interno del negozio Euronics Cerioni di Fabriano ha visto la partecipazione di tante persone, delle pi\u00f9 alte cariche istituzionali del Comune di Fabriano e di monsignor Giancarlo Vecerrica, vescovo emerito della diocesi di Fabriano-Matelica.<\/p>\n<p><em><strong>Sciugarella<\/strong><\/em> \u00e8 un prodotto completamente realizzato in Italia e precisamente a Fabriano, nelle Marche, storico distretto industriale conosciuto in Italia e nel mondo per la produzione di elettrodomestici dei marchi pi\u00f9 famosi. E\u2019nata dalle competenze tecniche e dalla capacit\u00e0 inventiva dei soci fondatori della Proelit, una startup innovativa con sede nella storica citt\u00e0 della carta, che hanno voluto fortemente investire in un prodotto efficiente e utile all&#8217;interno di qualsiasi abitazione.<\/p>\n<p>Un lungo e paziente lavoro, dall&#8217;idea ai primi prototipi alla fase dei test e infine al deposito di due brevetti internazionali. \u201cUn progetto \u2013 hanno detto Ennio Mezzopera e Renato Marani- che \u00e8 stato supportato dalle grandi professionalit\u00e0 e competenze dell&#8217;indotto Fabrianese, che ha reso il nostro territorio leader mondiale nella produzione di elettrodomestici\u201d. Sciugarella ha suscitato un enorme interesse tra i presenti e dei semplici curiosi che, avvicinandosi al prodotto perfettamente funzionante, sono rimasti stupiti dalle straordinarie prestazioni e dal facile utilizzo.<\/p>\n<p>\u201cSiamo fortemente motivati \u2013 hanno riferito dalla Proelit &#8211; e il successo dell&#8217;evento di presentazione ci ha dato un&#8217;ulteriore conferma che la strada intrapresa \u00e8 quella giusta. Ora puntiamo a far conoscere Sciugarella\u00a0 in tutto il mondo e per questo tutti i nostri sforzi sono concentrati nello sviluppare tutte le piattaforme del web incentrando tutta la nostra azione commerciale nella &#8221; web-economy\u201d. Per conoscere ancora di pi\u00f9 Sciugarella e per acquistarla puoi collegarti al sito <strong>www.sciugarella.com<\/strong><\/p>\n","protected":false},"excerpt":{"rendered":"<p>Presentata Sciugarella, la nuova asciugabiancheria che ha l&#8217;ambizione di rivoluzionare il concetto di asciugatura del bucato che in 60 cm di spazio e con soli 50w di consumo \u00e8 in grado di asciugare fino a 7 kg di bucato. Scoprila subito su www.sciugarella.com Il tempo dello stendino in casa e della classica asciugatrice \u00e8 ormai [&hellip;]<\/p>\n","protected":false},"author":3729,"featured_media":0,"comment_status":"closed","ping_status":"open","sticky":false,"template":"","format":"standard","meta":{"footnotes":""},"categories":[4],"tags":[10422,10420,10421],"class_list":["post-15644","post","type-post","status-publish","format-standard","hentry","category-attualita-e-societa","tag-asciugabiancheria","tag-asciugatrice","tag-sciugarella"],"_links":{"self":[{"href":"https:\/\/www.area-press.eu\/comunicatistampa\/wp-json\/wp\/v2\/posts\/15644","targetHints":{"allow":["GET"]}}],"collection":[{"href":"https:\/\/www.area-press.eu\/comunicatistampa\/wp-json\/wp\/v2\/posts"}],"about":[{"href":"https:\/\/www.area-press.eu\/comunicatistampa\/wp-json\/wp\/v2\/types\/post"}],"author":[{"embeddable":true,"href":"https:\/\/www.area-press.eu\/comunicatistampa\/wp-json\/wp\/v2\/users\/3729"}],"replies":[{"embeddable":true,"href":"https:\/\/www.area-press.eu\/comunicatistampa\/wp-json\/wp\/v2\/comments?post=15644"}],"version-history":[{"count":3,"href":"https:\/\/www.area-press.eu\/comunicatistampa\/wp-json\/wp\/v2\/posts\/15644\/revisions"}],"predecessor-version":[{"id":15649,"href":"https:\/\/www.area-press.eu\/comunicatistampa\/wp-json\/wp\/v2\/posts\/15644\/revisions\/15649"}],"wp:attachment":[{"href":"https:\/\/www.area-press.eu\/comunicatistampa\/wp-json\/wp\/v2\/media?parent=15644"}],"wp:term":[{"taxonomy":"category","embeddable":true,"href":"https:\/\/www.area-press.eu\/comunicatistampa\/wp-json\/wp\/v2\/categories?post=15644"},{"taxonomy":"post_tag","embeddable":true,"href":"https:\/\/www.area-press.eu\/comunicatistampa\/wp-json\/wp\/v2\/tags?post=15644"}],"curies":[{"name":"wp","href":"https:\/\/api.w.org\/{rel}","templated":true}]}}