{"id":15642,"date":"2016-12-23T22:30:12","date_gmt":"2016-12-23T21:30:12","guid":{"rendered":"http:\/\/www.area-press.eu\/comunicatistampa\/?p=15642"},"modified":"2016-12-23T22:30:12","modified_gmt":"2016-12-23T21:30:12","slug":"lutilita-delle-piattaforme-aeree","status":"publish","type":"post","link":"https:\/\/www.area-press.eu\/comunicatistampa\/2016\/12\/23\/lutilita-delle-piattaforme-aeree\/","title":{"rendered":"L\u2019utilit\u00e0 delle piattaforme aeree"},"content":{"rendered":"<p class=\"p1\"><span class=\"s1\">Le piattaforme elevatrici sono una ottima soluzione perch\u00e9 hanno la forma perfetta per essere installate in contesti di vario tipo per coprire varie esigenze. Questi dispositivi permettono di favorire l\u2019accessibilit\u00e0 all&#8217;interno di una casa, per esempio, perch\u00e9 migliorano la mobilit\u00e0 di chi le utilizza e si sposta a fatica all&#8217;interno della propria casa, ad esempio nel caso di persone con difficolt\u00e0 motorie ma anche di anziani.<\/span><\/p>\n<p class=\"p1\"><span class=\"s1\">La piattaforma elevatrice \u00e8 utile anche in contesti condominiali, soprattutto quando si \u00e8 in presenza di una piccola scala di tre o quattro gradini che di fatto rialza il primo piano (questa struttura \u00e8 piuttosto presente nel nostro paese). In questo caso una piattaforma elevatrice risolve concretamente la problematica di movimentazione delle persone, e la sua installazione risolve con successo il problema.<\/span><\/p>\n<p class=\"p1\"><span class=\"s1\">Quando c\u2019\u00e8 un dislivello da superare, quindi, le piattaforme elevatrici<span class=\"Apple-converted-space\">\u00a0 <\/span>svolgono un lavoro perfetto: anche nei contesti commerciali risolvono le esigenze contingenti ed evitano ai clienti-utenti di dover superare i gradini per poter accedere comodamente all&#8217;interno o all&#8217;esterno del contesto. Le <a href=\"http:\/\/www.centroelevatori.eu\/chi-siamo\/\"><strong>piattaforme aeree<\/strong>\u00a0<\/a>sono un ottimo modo per aiutare gli spostamenti delle persone: chi ha difficolt\u00e0 logistiche nel camminare o nell&#8217;affrontare i dislivelli pu\u00f2 finalmente riuscire a muoversi in piena autonomia.<\/span><\/p>\n","protected":false},"excerpt":{"rendered":"<p>Le piattaforme elevatrici sono una ottima soluzione perch\u00e9 hanno la forma perfetta per essere installate in contesti di vario tipo per coprire varie esigenze. Questi dispositivi permettono di favorire l\u2019accessibilit\u00e0 all&#8217;interno di una casa, per esempio, perch\u00e9 migliorano la mobilit\u00e0 di chi le utilizza e si sposta a fatica all&#8217;interno della propria casa, ad esempio [&hellip;]<\/p>\n","protected":false},"author":2861,"featured_media":0,"comment_status":"open","ping_status":"open","sticky":false,"template":"","format":"standard","meta":{"footnotes":""},"categories":[18,1],"tags":[10419],"class_list":["post-15642","post","type-post","status-publish","format-standard","hentry","category-altri-vari","category-senza-categoria","tag-piattaforme-aeree"],"_links":{"self":[{"href":"https:\/\/www.area-press.eu\/comunicatistampa\/wp-json\/wp\/v2\/posts\/15642","targetHints":{"allow":["GET"]}}],"collection":[{"href":"https:\/\/www.area-press.eu\/comunicatistampa\/wp-json\/wp\/v2\/posts"}],"about":[{"href":"https:\/\/www.area-press.eu\/comunicatistampa\/wp-json\/wp\/v2\/types\/post"}],"author":[{"embeddable":true,"href":"https:\/\/www.area-press.eu\/comunicatistampa\/wp-json\/wp\/v2\/users\/2861"}],"replies":[{"embeddable":true,"href":"https:\/\/www.area-press.eu\/comunicatistampa\/wp-json\/wp\/v2\/comments?post=15642"}],"version-history":[{"count":2,"href":"https:\/\/www.area-press.eu\/comunicatistampa\/wp-json\/wp\/v2\/posts\/15642\/revisions"}],"predecessor-version":[{"id":15646,"href":"https:\/\/www.area-press.eu\/comunicatistampa\/wp-json\/wp\/v2\/posts\/15642\/revisions\/15646"}],"wp:attachment":[{"href":"https:\/\/www.area-press.eu\/comunicatistampa\/wp-json\/wp\/v2\/media?parent=15642"}],"wp:term":[{"taxonomy":"category","embeddable":true,"href":"https:\/\/www.area-press.eu\/comunicatistampa\/wp-json\/wp\/v2\/categories?post=15642"},{"taxonomy":"post_tag","embeddable":true,"href":"https:\/\/www.area-press.eu\/comunicatistampa\/wp-json\/wp\/v2\/tags?post=15642"}],"curies":[{"name":"wp","href":"https:\/\/api.w.org\/{rel}","templated":true}]}}