{"id":15610,"date":"2016-12-23T22:30:10","date_gmt":"2016-12-23T21:30:10","guid":{"rendered":"http:\/\/www.area-press.eu\/comunicatistampa\/?p=15610"},"modified":"2016-12-23T22:30:10","modified_gmt":"2016-12-23T21:30:10","slug":"verizon-e-norad-tracciano-in-tempo-reale-il-viaggio-di-babbo-natale","status":"publish","type":"post","link":"https:\/\/www.area-press.eu\/comunicatistampa\/2016\/12\/23\/verizon-e-norad-tracciano-in-tempo-reale-il-viaggio-di-babbo-natale\/","title":{"rendered":"Verizon e NORAD tracciano in tempo reale il viaggio di Babbo Natale"},"content":{"rendered":"<p>Come da tradizione, bambini di tutto il mondo aspettano con ansia l&#8217;arrivo di Babbo Natale, nella notte tra il 24 e il 25 dicembre. I pi\u00f9 curiosi potranno seguire in tempo reale il suo viaggio in tutto il mondo, grazie a Verizon, leader mondiale per la fornitura di servizi di comunicazione a banda larga, wireless e wireline, al Comando di Difesa Aerospaziale del Nord-America (Norad) e al team dedicato Norad Tracks Santa.<\/p>\n<p>Per il quattordicesimo anno consecutivo, infatti, i dipendenti di Verizon lavoreranno fianco a fianco con pi\u00f9 di 1.500 volontari &#8211; tra personale militare, parenti, amici e altri collaboratori aziendali &#8211; per rispondere a telefonate ed e-mail che arriveranno al centro operativo Norad Tracks Santa, in Colorado, negli Stati Uniti.<\/p>\n<p>Il programma Norad Santa Tracking ha avuto inizio nel 1955, a causa di un errore di stampa in una pubblicit\u00e0, che esortava i bambini a chiamare il Comando, anzich\u00e9 la linea dedicata istituita da un&#8217;attivit\u00e0 commerciale per gestire le richieste a Babbo Natale; un colonnello rispose al telefono ed \u00e8 stato al gioco, incaricando il proprio staff di rispondere a tutte le domande dei bambini. Il programma ha visto crescere, nel tempo, la propria popolarit\u00e0, coinvolgendo negli ultimi anni anche personalit\u00e0 istituzionali come la first lady Michelle Obama. Anche quest&#8217;anno, Verizon mette a disposizione un numero verde e strumenti per la gestione delle chiamate, nonch\u00e9 la rete wireless 4G LTE, per aiutare i volontari a rispondere alle chiamate del centralino e alle e-mail, gestire le applicazioni e tracciare i progressi dell&#8217;itinerario di Babbo Natale. \u00c8, infatti, possibile entrare in contatto con il team Norad Tracks Santa tramite diversi strumenti: telefono, e-mail, canali social, app per smartphone e, infine, sito internet dedicato, disponibile anche in lingua italiana (noradsanta.org).<\/p>\n","protected":false},"excerpt":{"rendered":"<p>Come da tradizione, bambini di tutto il mondo aspettano con ansia l&#8217;arrivo di Babbo Natale, nella notte tra il 24 e il 25 dicembre. I pi\u00f9 curiosi potranno seguire in tempo reale il suo viaggio in tutto il mondo, grazie a Verizon, leader mondiale per la fornitura di servizi di comunicazione a banda larga, wireless [&hellip;]<\/p>\n","protected":false},"author":3400,"featured_media":0,"comment_status":"open","ping_status":"open","sticky":false,"template":"","format":"standard","meta":{"footnotes":""},"categories":[29],"tags":[],"class_list":["post-15610","post","type-post","status-publish","format-standard","hentry","category-comunicati"],"_links":{"self":[{"href":"https:\/\/www.area-press.eu\/comunicatistampa\/wp-json\/wp\/v2\/posts\/15610","targetHints":{"allow":["GET"]}}],"collection":[{"href":"https:\/\/www.area-press.eu\/comunicatistampa\/wp-json\/wp\/v2\/posts"}],"about":[{"href":"https:\/\/www.area-press.eu\/comunicatistampa\/wp-json\/wp\/v2\/types\/post"}],"author":[{"embeddable":true,"href":"https:\/\/www.area-press.eu\/comunicatistampa\/wp-json\/wp\/v2\/users\/3400"}],"replies":[{"embeddable":true,"href":"https:\/\/www.area-press.eu\/comunicatistampa\/wp-json\/wp\/v2\/comments?post=15610"}],"version-history":[{"count":1,"href":"https:\/\/www.area-press.eu\/comunicatistampa\/wp-json\/wp\/v2\/posts\/15610\/revisions"}],"predecessor-version":[{"id":15611,"href":"https:\/\/www.area-press.eu\/comunicatistampa\/wp-json\/wp\/v2\/posts\/15610\/revisions\/15611"}],"wp:attachment":[{"href":"https:\/\/www.area-press.eu\/comunicatistampa\/wp-json\/wp\/v2\/media?parent=15610"}],"wp:term":[{"taxonomy":"category","embeddable":true,"href":"https:\/\/www.area-press.eu\/comunicatistampa\/wp-json\/wp\/v2\/categories?post=15610"},{"taxonomy":"post_tag","embeddable":true,"href":"https:\/\/www.area-press.eu\/comunicatistampa\/wp-json\/wp\/v2\/tags?post=15610"}],"curies":[{"name":"wp","href":"https:\/\/api.w.org\/{rel}","templated":true}]}}