{"id":15539,"date":"2016-12-22T12:03:08","date_gmt":"2016-12-22T11:03:08","guid":{"rendered":"http:\/\/www.area-press.eu\/comunicatistampa\/?p=15539"},"modified":"2016-12-22T12:03:08","modified_gmt":"2016-12-22T11:03:08","slug":"nuovo-punto-medicorner-a-cremona-presso-la-farmacia-porta-venezia","status":"publish","type":"post","link":"https:\/\/www.area-press.eu\/comunicatistampa\/2016\/12\/22\/nuovo-punto-medicorner-a-cremona-presso-la-farmacia-porta-venezia\/","title":{"rendered":"Nuovo punto Medicorner a Cremona, presso la Farmacia Porta Venezia"},"content":{"rendered":"<p>Inaugurato, alla Farmacia Porta Venezia in Piazza Libert\u00e0 4, Medicorner, una novit\u00e0 nel mondo della cura e della prevenzione nata con lo scopo di trasformare il rapporto fra la cittadinanza e la sanit\u00e0 per avvicinare sempre di pi\u00f9 i servizi alle reali esigenze delle persone. Il progetto Medicorner prevede infatti lo sviluppo di un modello innovativo di assistenza sanitaria integrata, a partire dalla costruzione di un presidio di sanit\u00e0 leggera proprio all&#8217;interno delle farmacie &#8211; in linea con quanto decretato dalla legge 69\/2009[1]. \u201cMedicorner \u00e8 nato per fornire alle famiglie un ulteriore punto di riferimento nel territorio in tema di sanit\u00e0 leggera privata, svolgendo un ruolo di assistenza sanitaria, fortemente incentrata su una logica di prevenzione, di monitoraggio di pazienti cronici e di supporto alle persone in degenza post operatoria; Tutte le prestazioni sono realizzate grazie ai pi\u00f9 moderni sistemi di refertazione telematica\u201d. Francesco Tozzi, Amministratore Delegato di Chorafarma, societ\u00e0 che ha sviluppato il progetto Medicorner Le tue cure sotto casa Nella vita di tutti giorni la farmacia rappresenta il luogo di informazione, cura ed educazione alla salute pi\u00f9 comodo e immediato. Fortemente legata al territorio, la farmacia \u2013 insieme ai farmacisti \u2013 \u00e8 un punto di riferimento imprescindibile per tutti. \u201cLa Farmacia Porta Venezia da anni \u00e8 al fianco dei suoi clienti per offrire servizi di alto livello che assistono nel percorso di salute e benessere. Con questo nuovo sistema integrato potr\u00e0 ancor di pi\u00f9 assistere a 360\u00b0 i pazienti in maniera semplice e veloce\u201d. Dottor Guido Ziliotti, Titolare della Farmacia Porta Venezia Medicorner si pone proprio l&#8217;obiettivo di rafforzare e centralizzare ulteriormente la posizione della farmacia all&#8217;interno del sistema socio-sanitario. Medicorner fa evolvere la farmacia da una logica di puro prodotto ad un ruolo di servizio sanitario di territorio. Innovazione al servizio della sanit\u00e0 Medicorner \u00e8 quindi un luogo destinato alle cure posto all&#8217;interno della farmacia ed \u00e8 presidiato da infermieri qualificati. Grazie all&#8217;utilizzo di tecnologie informatiche avanzate, Medicorner garantisce alle famiglie prestazioni sanitarie private di altissimo livello, facilmente fruibili e ad un prezzo equo ed accessibile.<br \/>\n1 Con la Legge 69\/2009 il Governo \u00e8 stato delegato ad adottare uno o pi\u00f9 decreti legislativi finalizzati all&#8217;individuazione di &#8220;nuovi servizi a forte valenza socio-sanitaria erogati dalle farmacie pubbliche e private nell&#8217;ambito del Servizio sanitario nazionale\u201c. Il decreto legislativo 153\/2009, attuativo della legge 69\/2009, presenta i nuovi servizi che le farmacie, sia pubbliche sia private, possono erogare. Con secondo decreto in data 16 dicembre 2010 (pubblicato in G.U. in data 19 aprile 2011 n. 90), il Ministero della Salute ha fornito le indicazioni circa l&#8217;erogazione delle prestazioni infermieristiche presso la farmacia.<\/p>\n","protected":false},"excerpt":{"rendered":"<p>Inaugurato, alla Farmacia Porta Venezia in Piazza Libert\u00e0 4, Medicorner, una novit\u00e0 nel mondo della cura e della prevenzione nata con lo scopo di trasformare il rapporto fra la cittadinanza e la sanit\u00e0 per avvicinare sempre di pi\u00f9 i servizi alle reali esigenze delle persone. Il progetto Medicorner prevede infatti lo sviluppo di un modello [&hellip;]<\/p>\n","protected":false},"author":3297,"featured_media":0,"comment_status":"open","ping_status":"open","sticky":false,"template":"","format":"standard","meta":{"footnotes":""},"categories":[29],"tags":[],"class_list":["post-15539","post","type-post","status-publish","format-standard","hentry","category-comunicati"],"_links":{"self":[{"href":"https:\/\/www.area-press.eu\/comunicatistampa\/wp-json\/wp\/v2\/posts\/15539","targetHints":{"allow":["GET"]}}],"collection":[{"href":"https:\/\/www.area-press.eu\/comunicatistampa\/wp-json\/wp\/v2\/posts"}],"about":[{"href":"https:\/\/www.area-press.eu\/comunicatistampa\/wp-json\/wp\/v2\/types\/post"}],"author":[{"embeddable":true,"href":"https:\/\/www.area-press.eu\/comunicatistampa\/wp-json\/wp\/v2\/users\/3297"}],"replies":[{"embeddable":true,"href":"https:\/\/www.area-press.eu\/comunicatistampa\/wp-json\/wp\/v2\/comments?post=15539"}],"version-history":[{"count":2,"href":"https:\/\/www.area-press.eu\/comunicatistampa\/wp-json\/wp\/v2\/posts\/15539\/revisions"}],"predecessor-version":[{"id":15542,"href":"https:\/\/www.area-press.eu\/comunicatistampa\/wp-json\/wp\/v2\/posts\/15539\/revisions\/15542"}],"wp:attachment":[{"href":"https:\/\/www.area-press.eu\/comunicatistampa\/wp-json\/wp\/v2\/media?parent=15539"}],"wp:term":[{"taxonomy":"category","embeddable":true,"href":"https:\/\/www.area-press.eu\/comunicatistampa\/wp-json\/wp\/v2\/categories?post=15539"},{"taxonomy":"post_tag","embeddable":true,"href":"https:\/\/www.area-press.eu\/comunicatistampa\/wp-json\/wp\/v2\/tags?post=15539"}],"curies":[{"name":"wp","href":"https:\/\/api.w.org\/{rel}","templated":true}]}}