{"id":15536,"date":"2016-12-22T12:03:08","date_gmt":"2016-12-22T11:03:08","guid":{"rendered":"http:\/\/www.area-press.eu\/comunicatistampa\/?p=15536"},"modified":"2016-12-22T12:03:08","modified_gmt":"2016-12-22T11:03:08","slug":"un-aiuto-per-le-radio","status":"publish","type":"post","link":"https:\/\/www.area-press.eu\/comunicatistampa\/2016\/12\/22\/un-aiuto-per-le-radio\/","title":{"rendered":"Un aiuto per le radio"},"content":{"rendered":"<p class=\"western\"><span style=\"font-family: Comic Sans MS,serif\"><span style=\"font-size: small\">Lavorare in radio \u00e8 un lavoro pi\u00f9 facile a dirsi che a farsi, tanti sono i fattori che si devono coordinare, niente deve venire meno. Perch\u00e9 ci\u00f2 avvenga bisogna riuscire a rispettare i tempi e nella migliore delle ipotesi a non perdere tempo, durante le varie fasi di coordinazione. Ognuno deve fare la sua parte e tutti devono essere perfettamente attivi.<\/span><\/span><\/p>\n<p class=\"western\"><span style=\"font-family: Comic Sans MS,serif\"><span style=\"font-size: small\">Come il <\/span><\/span><a href=\"https:\/\/www.voci.fm\/\"><span style=\"font-family: Comic Sans MS,serif\"><span style=\"font-size: small\"><b>fonico<\/b><\/span><\/span> <\/a><span style=\"font-family: Comic Sans MS,serif\"><span style=\"font-size: small\">detto anche tecnico del suolo, un professionista che si occupa della gestione dell\u2019audio, ogni volta che c\u2019\u00e8 qualsiasi evento, qualsiasi attivit\u00e0 che in sostanza prevede l\u2019ausilio di microfoni, mixer e registratori. Spesso, come accade nell\u2019ambito del cinema, questa figura si occupa anche della gestione dei dialoghi, di tutti quelli che sono i rumori e i suoni. <\/span><\/span><\/p>\n<p class=\"western\"><span style=\"font-family: Comic Sans MS,serif\"><span style=\"font-size: small\">Questo lavoro avviene sia durante la produzione in presa diretta, sia durante la post-produzione. Nel cinema diventa ancora pi\u00f9 complesso, in quanto esistono diversi tipi di fonici, c\u2019\u00e8 il \u201c<\/span><\/span><span style=\"font-family: Comic Sans MS,serif\"><span style=\"font-size: small\"><i>Fonico in presa diretta<\/i><\/span><\/span><span style=\"font-family: Comic Sans MS,serif\"><span style=\"font-size: small\">\u201d, il quale \u00e8 responsabile della registrazione dell\u2019audio sul set. Poi c\u2019\u00e8 il \u201c<\/span><\/span><span style=\"font-family: Comic Sans MS,serif\"><span style=\"font-size: small\"><i>Fonico di missaggio<\/i><\/span><\/span><span style=\"font-family: Comic Sans MS,serif\"><span style=\"font-size: small\">\u201d che si occupa di miscelare, nel momento della fase della post-produzione. <\/span><\/span><\/p>\n<p class=\"western\"><span style=\"font-family: Comic Sans MS,serif\"><span style=\"font-size: small\">E in fine c\u2019\u00e8 il \u201c<\/span><\/span><span style=\"font-family: Comic Sans MS,serif\"><span style=\"font-size: small\"><i>Fonico di doppiaggio<\/i><\/span><\/span><span style=\"font-family: Comic Sans MS,serif\"><span style=\"font-size: small\">\u201d che si occupa di registrare i dialoghi da sostituire agli originali. \u00c8 un professionista che svolge un lavoro fondamentale, deve letteralmente catturare suoni che potrebbero essere fondamentali, sopratutto nel mondo del cinema, in quanto vi sono suoni che altrimenti non si riuscirebbero ad ascoltare allo stesso modo. <\/span><\/span><\/p>\n<p class=\"western\"><span style=\"font-family: Comic Sans MS,serif\"><span style=\"font-size: small\">Sostanzialmente quello che riunisce tutti i ruoli del fonico, indipendentemente da dove si svolga \u00e8 la voce. Indipendentemente da quello che si voglia fare se il doppiatore o l\u2019attore, <\/span><\/span><span style=\"font-family: Comic Sans MS,serif\"><span style=\"font-size: small\">che<\/span><\/span><span style=\"font-family: Comic Sans MS,serif\"><span style=\"font-size: small\"> se si sia spinti dalla propria passione o dal fatto che si sia svolto un corso di dizione, tutti coloro che intendono lavorare seriamente con la propria voce, oggi possono farlo con pi\u00f9 tranquillit\u00e0. <\/span><\/span><\/p>\n<p class=\"western\"><span style=\"font-family: Comic Sans MS,serif\"><span style=\"font-size: small\">E per tutte le aziende, come gli studi di registrazione, le radio e le tv che hanno bisogno costantemente di una voce, che sia una voce professionista o che si voglia scegliere fra le nuove voci. In soccorso <\/span><\/span><span style=\"font-family: Comic Sans MS,serif\"><span style=\"font-size: small\">a<\/span><\/span><span style=\"font-family: Comic Sans MS,serif\"><span style=\"font-size: small\"> supporto c\u2019\u00e8 il sito, vetrina delle voci, Voci.fm. <\/span><\/span><\/p>\n<p class=\"western\"><span style=\"font-family: Comic Sans MS,serif\"><span style=\"font-size: small\">Attraverso questo sito, si pu\u00f2 avere un costante provino, letteralmente a portata di mano. Basta semplicemente entrare sul sito che \u00e8 facilmente fruibile, dove non c\u2019\u00e8 bisogno di alcun tipo di iscrizione. Il tutto avviene inoltre, in estrema gratuit\u00e0, dall\u2019inizio fino alla fine, chiunque pu\u00f2 entrare e navigare al suo interno senza alcun problema. <\/span><\/span><\/p>\n<p class=\"western\"><span style=\"font-family: Comic Sans MS,serif\"><span style=\"font-size: small\">Le voci, sono elencate al suo interno, ognuna al suo posto, in base alle caratteristiche e all\u2019esperienza. Tutto \u00e8 sistemato in modo da riuscire a fruire <\/span><\/span><span style=\"font-family: Comic Sans MS,serif\"><span style=\"font-size: small\">de<\/span><\/span><span style=\"font-family: Comic Sans MS,serif\"><span style=\"font-size: small\">l sito in estrema semplicit\u00e0 ma sopratutto per poter scegliere nel modo migliore la voce che pi\u00f9 fa al proprio caso. Inoltre \u00e8 bene sapere che negli ultimi mesi c\u2019\u00e8 un nuovo servizio sempre attivo, si tratta del servizio, anch\u2019esso <\/span><\/span><span style=\"font-family: Comic Sans MS,serif\"><span style=\"font-size: small\">totalmente gratuito<\/span><\/span><span style=\"font-family: Comic Sans MS,serif\"><span style=\"font-size: small\">, <\/span><\/span><span style=\"font-family: Comic Sans MS,serif\"><span style=\"font-size: small\">che permette di conoscere <\/span><\/span><span style=\"font-family: Comic Sans MS,serif\"><span style=\"font-size: small\">chi in tempo reale \u00e8 letteralmente \u201c<\/span><\/span><span style=\"font-family: Comic Sans MS,serif\"><span style=\"font-size: small\"><i>pronto al microfono<\/i><\/span><\/span><span style=\"font-family: Comic Sans MS,serif\"><span style=\"font-size: small\">\u201d, cos\u00ec come il nome del servizio fa trapelare. <\/span><\/span><\/p>\n<p class=\"western\"><span style=\"font-family: Comic Sans MS,serif\"><span style=\"font-size: small\">Facile anche da trovare, basta seguire una stringa arancione che scorre <\/span><\/span><span style=\"font-family: Comic Sans MS,serif\"><span style=\"font-size: small\">a<\/span><\/span><span style=\"font-family: Comic Sans MS,serif\"><span style=\"font-size: small\">l centro della home. <\/span><\/span><\/p>\n","protected":false},"excerpt":{"rendered":"<p>Lavorare in radio \u00e8 un lavoro pi\u00f9 facile a dirsi che a farsi, tanti sono i fattori che si devono coordinare, niente deve venire meno. Perch\u00e9 ci\u00f2 avvenga bisogna riuscire a rispettare i tempi e nella migliore delle ipotesi a non perdere tempo, durante le varie fasi di coordinazione. Ognuno deve fare la sua parte [&hellip;]<\/p>\n","protected":false},"author":3182,"featured_media":0,"comment_status":"open","ping_status":"open","sticky":false,"template":"","format":"standard","meta":{"footnotes":""},"categories":[29],"tags":[10371],"class_list":["post-15536","post","type-post","status-publish","format-standard","hentry","category-comunicati","tag-fonico"],"_links":{"self":[{"href":"https:\/\/www.area-press.eu\/comunicatistampa\/wp-json\/wp\/v2\/posts\/15536","targetHints":{"allow":["GET"]}}],"collection":[{"href":"https:\/\/www.area-press.eu\/comunicatistampa\/wp-json\/wp\/v2\/posts"}],"about":[{"href":"https:\/\/www.area-press.eu\/comunicatistampa\/wp-json\/wp\/v2\/types\/post"}],"author":[{"embeddable":true,"href":"https:\/\/www.area-press.eu\/comunicatistampa\/wp-json\/wp\/v2\/users\/3182"}],"replies":[{"embeddable":true,"href":"https:\/\/www.area-press.eu\/comunicatistampa\/wp-json\/wp\/v2\/comments?post=15536"}],"version-history":[{"count":1,"href":"https:\/\/www.area-press.eu\/comunicatistampa\/wp-json\/wp\/v2\/posts\/15536\/revisions"}],"predecessor-version":[{"id":15538,"href":"https:\/\/www.area-press.eu\/comunicatistampa\/wp-json\/wp\/v2\/posts\/15536\/revisions\/15538"}],"wp:attachment":[{"href":"https:\/\/www.area-press.eu\/comunicatistampa\/wp-json\/wp\/v2\/media?parent=15536"}],"wp:term":[{"taxonomy":"category","embeddable":true,"href":"https:\/\/www.area-press.eu\/comunicatistampa\/wp-json\/wp\/v2\/categories?post=15536"},{"taxonomy":"post_tag","embeddable":true,"href":"https:\/\/www.area-press.eu\/comunicatistampa\/wp-json\/wp\/v2\/tags?post=15536"}],"curies":[{"name":"wp","href":"https:\/\/api.w.org\/{rel}","templated":true}]}}