{"id":15381,"date":"2016-12-17T12:19:29","date_gmt":"2016-12-17T11:19:29","guid":{"rendered":"http:\/\/www.area-press.eu\/comunicatistampa\/?p=15381"},"modified":"2016-12-17T12:19:29","modified_gmt":"2016-12-17T11:19:29","slug":"solidarieta-e-magia-natalizia-a-castelmaggiore-bo-prosegue-la-raccolta-giochi-a-favore-di-ageop","status":"publish","type":"post","link":"https:\/\/www.area-press.eu\/comunicatistampa\/2016\/12\/17\/solidarieta-e-magia-natalizia-a-castelmaggiore-bo-prosegue-la-raccolta-giochi-a-favore-di-ageop\/","title":{"rendered":"SOLIDARIETA\u2019 E MAGIA NATALIZIA A CASTELMAGGIORE (BO) &#8211; PROSEGUE LA RACCOLTA GIOCHI A FAVORE DI AGEOP"},"content":{"rendered":"<p>&nbsp;<\/p>\n<p><strong>\u00a0<\/strong>Dopo il debutto strepitoso dello scorso fine settimana, che ha visto come spettacolo di punta il concerto di Silvia Mezzanotte, il Natale a Le Piazze di Castel Maggiore continua.<\/p>\n<p><strong>In programma Domenica 18 dicembre <\/strong>un appuntamento molto atteso che chiude una iniziativa di valenza sociale che ha coinvolto tutti i cittadini durante questo 2016.<\/p>\n<p><strong>\u00c8 prevista infatti la consegna della somma\u00a0 &#8211; un assegno di 500 euro &#8211; ricavata della raccolta solidale di tappi di plastica <\/strong>gestita dal Comitato Genitori Direzione Didattica Castel Maggiore, finalizzata a sostenere lo smaltimento corretto dei rifiuti ma anche a realizzare qualcosa di concreto a favore della comunit\u00e0.<\/p>\n<p>Il denaro proveniente dalla vendita dei tappi contribuisce al raggiungimento di un importante obiettivo: <strong>finanziare l\u2019acquisto di un\u2019altalena per i bambini con disabilit\u00e0 da installare nel parco di Castel Maggiore.<\/strong><\/p>\n<p><strong>\u00a0<\/strong><strong>Domenica 18 quindi grande festa con<\/strong> <strong>il Comitato Genitori Direzione Didattica Castel Maggiore<\/strong> <strong>e naturalmente con i bambini dell\u2019Istituto Comprensivo.<\/strong><\/p>\n<p><em>La raccolta \u00e8 stata un successo<\/em> \u2013 dice il <strong>Direttore del Centro Le Piazze\u00a0 Matteo Gallieri<\/strong> \u2013 <em>e tantissimi cittadini hanno scelto di \u00a0dare il proprio contributo. Il semplice gesto di portare i propri tappi di plastica ha una valenza enorme, sia dal punto di vista sociale dato l\u2019obiettivo di solidariet\u00e0 che contribuiamo a raggiungere, sia dal punto di vista dell\u2019attenzione verso l\u2019ambiente, grazie al recupero e al riuso dei nostri rifiuti.<\/em><\/p>\n<p><strong>\u00a0<\/strong><strong>Sempre domenica dalle 15<\/strong> presso lo Spazio Bimbi ci sar\u00e0 il <strong>laboratorio per scrivere la letterina dei desideri\u00a0 <\/strong>con tanto di foto in compagnia di Babbo Natale sulla sua slitta.<strong>\u00a0\u00a0 <\/strong>Il laboratorio ha infatti lo scopo di invitare i pi\u00f9 piccoli a riflettere sui loro reali bisogni e desideri, ad apprezzare ci\u00f2 che gi\u00e0 possiedono\u00a0 e a rivolgere un pensiero a chi invece purtroppo \u00e8 meno fortunato.<\/p>\n<p><strong>Ricordiamo che per tutto il periodo \u00e8 possibile farsi confezionare i regali di Natale dai volontari <\/strong>dell\u2019Associazione CEPS Onlus di Bologna (Centro Emiliano Problemi Sociali per la TRISOMA 21 \u2013 Associazione di Genitori, Amici e Persone Down) e MOSES Bologna (Associazione che realizza interventi di solidariet\u00e0 internazionale).<\/p>\n<p>Non solo: prosegue fino al 24 dicembre la <strong>raccolta di giochi per AGEOP<\/strong>, associazione che sostiene i bimbi che si trovano presso il Reparto di Oncoematologia Pediatrica dell\u2019Ospedale Sant\u2019Orsola-Malpighi di Bologna.<\/p>\n<p>L\u2019invito \u00e8 quello di portare un dono, sicuramente gradito dai piccoli ospiti, che non possono purtroppo vivere appieno la magia del Natale.<\/p>\n<p>La consegna dei giochi raccolti sar\u00e0 accompagnata da una foto che ritrae i bambini che hanno partecipato all\u2019iniziativa, perch\u00e9 i piccoli malati possano vedere i volti dei loro amici e sentire il loro calore. La foto verr\u00e0 scattata Domenica 18 dicembre.<\/p>\n<p>Prossimo appuntamento:<strong> SABATO\u00a0 24 DICEMBRE alle ORE 15.30, con il Concerto di Miss Pineda Quartet a cura di Music Station<\/strong><\/p>\n<p>Proseguono fino al 24 dicembre i <strong>mercatini di Natale.<\/strong><\/p>\n","protected":false},"excerpt":{"rendered":"<p>DOMENICA 18 DICEMBRE A LE PIAZZE SI CHIUDE LA RACCOLTA TAPPI che contribuisce a finanziare l\u2019acquisto di un\u2019altalena per i bambini con disabilit\u00e0 da installare nel parco di Castel Maggiore. Prosegue la raccolta giochi a favore di AGEOP<\/p>\n","protected":false},"author":3395,"featured_media":0,"comment_status":"open","ping_status":"open","sticky":false,"template":"","format":"standard","meta":{"footnotes":""},"categories":[29],"tags":[],"class_list":["post-15381","post","type-post","status-publish","format-standard","hentry","category-comunicati"],"_links":{"self":[{"href":"https:\/\/www.area-press.eu\/comunicatistampa\/wp-json\/wp\/v2\/posts\/15381","targetHints":{"allow":["GET"]}}],"collection":[{"href":"https:\/\/www.area-press.eu\/comunicatistampa\/wp-json\/wp\/v2\/posts"}],"about":[{"href":"https:\/\/www.area-press.eu\/comunicatistampa\/wp-json\/wp\/v2\/types\/post"}],"author":[{"embeddable":true,"href":"https:\/\/www.area-press.eu\/comunicatistampa\/wp-json\/wp\/v2\/users\/3395"}],"replies":[{"embeddable":true,"href":"https:\/\/www.area-press.eu\/comunicatistampa\/wp-json\/wp\/v2\/comments?post=15381"}],"version-history":[{"count":2,"href":"https:\/\/www.area-press.eu\/comunicatistampa\/wp-json\/wp\/v2\/posts\/15381\/revisions"}],"predecessor-version":[{"id":15383,"href":"https:\/\/www.area-press.eu\/comunicatistampa\/wp-json\/wp\/v2\/posts\/15381\/revisions\/15383"}],"wp:attachment":[{"href":"https:\/\/www.area-press.eu\/comunicatistampa\/wp-json\/wp\/v2\/media?parent=15381"}],"wp:term":[{"taxonomy":"category","embeddable":true,"href":"https:\/\/www.area-press.eu\/comunicatistampa\/wp-json\/wp\/v2\/categories?post=15381"},{"taxonomy":"post_tag","embeddable":true,"href":"https:\/\/www.area-press.eu\/comunicatistampa\/wp-json\/wp\/v2\/tags?post=15381"}],"curies":[{"name":"wp","href":"https:\/\/api.w.org\/{rel}","templated":true}]}}