{"id":15346,"date":"2016-12-15T15:05:23","date_gmt":"2016-12-15T14:05:23","guid":{"rendered":"http:\/\/www.area-press.eu\/comunicatistampa\/?p=15346"},"modified":"2016-12-15T15:05:23","modified_gmt":"2016-12-15T14:05:23","slug":"le-cose-possibili-martina-germani-riccardi-a-giulianello-di-cori-con-la-sua-opera-prima","status":"publish","type":"post","link":"https:\/\/www.area-press.eu\/comunicatistampa\/2016\/12\/15\/le-cose-possibili-martina-germani-riccardi-a-giulianello-di-cori-con-la-sua-opera-prima\/","title":{"rendered":"Le cose possibili. Martina Germani Riccardi a Giulianello di Cori con la sua opera prima"},"content":{"rendered":"<p><strong>Domenica 18 Dicembre, alle ore 18:00, negli spazi della Sala Lettura \u2018Gianluca Canale\u2019 di Giulianello, appuntamento con la giovane autrice che canta la sorpresa dell\u2019essere, del sentire, dello stare insieme alle cose del mondo.<\/strong><\/p>\n<p>Domenica 18 Dicembre, alle ore 18:00, negli spazi della Sala Lettura \u2018Gianluca Canale\u2019 di Giulianello, su iniziativa dell\u2019<a href=\"https:\/\/www.facebook.com\/Associazione-socio-culturale-La-Stazione-50326193757\/\">Associazione socio-culturale \u2018La Stazione\u2019, <\/a>Martina Germani Riccardi presenter\u00e0 il suo libro d\u2019esordio <a href=\"https:\/\/www.youtube.com\/watch?v=dYJHVcBslYU\">\u2018Le cose possibili\u2019<\/a>, realizzato grazie ad una campagna di crowdfunding \u2013 raccolta collettiva di fondi &#8211;\u00a0 organizzata da <strong>Interno Poesia Editore<\/strong> in collaborazione con <strong>Produzioni dal Basso<\/strong>.<\/p>\n<p>Dalla prefazione di Valerio Grutt, direttore del Centro di Poesia Contemporanea dell\u2019Universit\u00e0 di Bologna: \u201cQuesto \u00e8 un <strong>libro selvaggio perch\u00e9 autentico<\/strong>, \u00e8 un atto di fede, fede nell\u2019amore che non lascia in pace. \u00c8 una bella opera prima, sono fondamenta piantate l\u00ec dove potr\u00e0 nascere una grande citt\u00e0. Questo libro \u00e8 una nave che risale dalle profondit\u00e0, e brilla nella luce del sole. E si fa guardare.\u201d<\/p>\n<p><a href=\"https:\/\/www.facebook.com\/martina.germaniriccardi\">Martina Germani Riccardi<\/a><strong>, <\/strong>classe 1988, originaria di Artena (RM), \u00e8 un\u2019antropologa laureata all\u2019Universit\u00e0 Sapienza di Roma. Le sue poesie sono state ospitate da Interno Poesia e dal blog Oggiabbiamocapitoche. \u00c8 inclusa nell\u2019antologia del Premio Sirmione Lugana 2015. Cura la direzione artistica del Live Artena &#8211; Festival delle Arti.<\/p>\n<p><strong>Interno Poesia Editore<\/strong>, progetto editoriale nato in Puglia ad Aprile 2014, \u00e8 tra i principali siti letterari per la promozione e divulgazione della poesia: contemporanea, del \u2018900, edita e inedita, italiana e straniera.<strong> Produzioni dal Basso<\/strong> invece \u00e8 una delle pi\u00f9 importanti piattaforme italiane di crowdfunding, fondata\u00a0nel 2005, tra le prime in Europa.<\/p>\n<p>Marco Castaldi<\/p>\n<p>Addetto Stampa &amp; OLMR<\/p>\n","protected":false},"excerpt":{"rendered":"<p>Domenica 18 Dicembre, alle ore 18:00, negli spazi della Sala Lettura \u2018Gianluca Canale\u2019 di Giulianello, appuntamento con la giovane autrice che canta la sorpresa dell\u2019essere, del sentire, dello stare insieme alle cose del mondo. Domenica 18 Dicembre, alle ore 18:00, negli spazi della Sala Lettura \u2018Gianluca Canale\u2019 di Giulianello, su iniziativa dell\u2019Associazione socio-culturale \u2018La Stazione\u2019, [&hellip;]<\/p>\n","protected":false},"author":659,"featured_media":0,"comment_status":"open","ping_status":"open","sticky":false,"template":"","format":"standard","meta":{"footnotes":""},"categories":[3],"tags":[],"class_list":["post-15346","post","type-post","status-publish","format-standard","hentry","category-arte-e-cultura"],"_links":{"self":[{"href":"https:\/\/www.area-press.eu\/comunicatistampa\/wp-json\/wp\/v2\/posts\/15346","targetHints":{"allow":["GET"]}}],"collection":[{"href":"https:\/\/www.area-press.eu\/comunicatistampa\/wp-json\/wp\/v2\/posts"}],"about":[{"href":"https:\/\/www.area-press.eu\/comunicatistampa\/wp-json\/wp\/v2\/types\/post"}],"author":[{"embeddable":true,"href":"https:\/\/www.area-press.eu\/comunicatistampa\/wp-json\/wp\/v2\/users\/659"}],"replies":[{"embeddable":true,"href":"https:\/\/www.area-press.eu\/comunicatistampa\/wp-json\/wp\/v2\/comments?post=15346"}],"version-history":[{"count":1,"href":"https:\/\/www.area-press.eu\/comunicatistampa\/wp-json\/wp\/v2\/posts\/15346\/revisions"}],"predecessor-version":[{"id":15347,"href":"https:\/\/www.area-press.eu\/comunicatistampa\/wp-json\/wp\/v2\/posts\/15346\/revisions\/15347"}],"wp:attachment":[{"href":"https:\/\/www.area-press.eu\/comunicatistampa\/wp-json\/wp\/v2\/media?parent=15346"}],"wp:term":[{"taxonomy":"category","embeddable":true,"href":"https:\/\/www.area-press.eu\/comunicatistampa\/wp-json\/wp\/v2\/categories?post=15346"},{"taxonomy":"post_tag","embeddable":true,"href":"https:\/\/www.area-press.eu\/comunicatistampa\/wp-json\/wp\/v2\/tags?post=15346"}],"curies":[{"name":"wp","href":"https:\/\/api.w.org\/{rel}","templated":true}]}}