{"id":15276,"date":"2016-12-15T15:04:30","date_gmt":"2016-12-15T14:04:30","guid":{"rendered":"http:\/\/www.area-press.eu\/comunicatistampa\/?p=15276"},"modified":"2016-12-15T15:04:30","modified_gmt":"2016-12-15T14:04:30","slug":"al-centro-commerciale-vialarga-di-bologna-mercatini-canti-natalizi-e-appuntamento-con-la-solidarieta","status":"publish","type":"post","link":"https:\/\/www.area-press.eu\/comunicatistampa\/2016\/12\/15\/al-centro-commerciale-vialarga-di-bologna-mercatini-canti-natalizi-e-appuntamento-con-la-solidarieta\/","title":{"rendered":"Al centro commerciale Vialarga di Bologna mercatini, canti natalizi e appuntamento con la solidariet\u00e0"},"content":{"rendered":"<p>In concomitanza con la <strong>ventisettesima edizione della maratona televisiva di Telethon sulle reti Rai<\/strong>, nel prossimo fine settimana in tantissime piazze italiane\u00a0 sar\u00e0 possibile sostenere con una donazione la campagna di raccolta fondi per <strong>la ricerca scientifica sulle malattie genetiche e rare.<\/strong><\/p>\n<p>A Bologna questa importante iniziativa di solidariet\u00e0 si svolge al centro commerciale Vialarga.<\/p>\n<p>Nell\u2019edizione 2016 Telethon conferma e rafforza la partnership con Conad.\u00a0Fino\u00a0 al 18 dicembre i volontari di Telethon saranno ospiti della galleria di Iperconad Vialarga per coinvolgere i presenti in iniziative a sostegno della ricerca scientifica contro le malattie genetiche. Per tutti sar\u00e0 possibile offrire un sostegno concreto alla ricerca scientifica contro le malattie genetiche acquistando i biglietti della lotteria Telethon \u2013 Conad che vede in palio fantastici premi e soprattutto presenta una bellissima opportunit\u00e0: \u00a0ciascun biglietto, il cui costo \u00e8 di 2,50 euro, vale come buono spesa di 2,5 euro nell\u2019ipermercato e in tutti i negozi Conad di Bologna, Modena e Ferrara.<\/p>\n<p><em>Si tratta di una opportunit\u00e0 eccezionale<\/em> \u2013 dice <strong>Alessandro Maestrali, coordinatore Telethon Bologna<\/strong> &#8211; <em>che rende ancor pi\u00f9 semplice per ciascuno fare la propria parte per dare speranza concreta alle famiglie che ogni giorno lottano contro le difficolt\u00e0 dovute a malattie genetiche.<\/em><\/p>\n<p>L\u2019estrazione dei numeri vincenti sar\u00e0 effettuata gioved\u00ec 12 Gennaio 2017 presso il Comune di Bologna e saranno pubblicati sul sito <a href=\"https:\/\/mobile.telethon.it\/owa\/redir.aspx?SURL=oJMQOJatSDozPlTW2i0_xT4Gs4aq1l3oCYQlbgvdvCblWccyDgLTCGgAdAB0AHAAOgAvAC8AdwB3AHcALgB0AGUAbABlAHQAaABvAG4AYgBvAGwAbwBnAG4AYQAuAGkAdAA.&amp;URL=http%3a%2f%2fwww.telethonbologna.it\">www.telethonbologna.it<\/a><\/p>\n<p><strong>Domenica 18 dicembre alle ore 16:30<\/strong>, in temporanea con i servizi TV messi in onda dai programmi RAI sar\u00e0 possibile assistere al <strong>concerto del Coro di San Michele in Bosco ANVGD<\/strong> per Telethon e contribuire alla raccolta fondi presso il banchetto UILDM.<\/p>\n<p>I volontari dell\u2019Unione Italiana Lotta alla Distrofia Muscolare sezione di Bologna saranno presenti all\u2019entrata principale con la distribuzione di materiali informativi, gadget e <strong>Cuori di Telethon<\/strong>; \u00a0con una donazione minima di 10 euro si ricever\u00e0 un maxi cuore di cioccolato o la tradizionale sciarpa Telethon per rendere il Natale ancor pi\u00f9 caldo e solidale.<\/p>\n<p><strong>\u00a0<\/strong><strong>Il Coro di San Michele in Bosco ANVGD<\/strong> <strong>si esibir\u00e0 nella piazza centrale di Vialarga: <\/strong>diretto dal Maestro Alberto Spinelli e composto da 20 cantori, il coro si esibir\u00e0 in un suggestivo ed emozionante concerto di Natale.<\/p>\n<p><em>Siamo molto onorati di poter avere Conad al nostro fianco<\/em> \u2013 continua \u00a0Alessandro Maestrali, coordinatore Telethon Bologna &#8211; \u00a0<em>perch\u00e9 da sempre Telethon vuole essere prima di tutto un progetto della comunit\u00e0, vuole attivare le risorse pi\u00f9 sincere e sensibili del territorio per raggiungere una finalit\u00e0 importantissima: quella di dare speranza di cura per tutti coloro che sono affetti da una delle 6000 malattie rare che per le loro caratteristiche sono spesso escluse dai canali tradizionali della ricerca e dei grossi investimenti. Siamo convinti che la gestione dei fondi di Telethon, oltre ad essere assolutamente trasparente, abbia anche un duplice merito: da un lato consente alla ricerca medica di progredire per il bene della medicina e dei pazienti; dall\u2019altro lato, investe sui migliori progetti di ricercatori italiani.<\/em><\/p>\n<p><em>\u00a0<\/em><em>Siamo molto felici<\/em> \u2013 aggiunge il Direttore di Vialarga Gianfranco Luce \u2013 <em>di dare il nostro contributo alla campagna Telethon attraverso una giornata di iniziative specifiche nella nostra galleria che vedono protagoniste realt\u00e0 attive nel nostro territorio, come il Coro di San Michele e la sezione UILDM di Bologna. Da oltre 20 anni la solidariet\u00e0 \u00e8 parte integrante del nostro modo di vivere il periodo natalizio e quindi\u00a0 il sostegno a Telethon ci d\u00e0 grande soddisfazione. <\/em><\/p>\n<p>Ricordiamo le altre iniziative in programma: <strong>sabato 17 e domenica 18, ma anche sabato 24 dicembre\u00a0dalle 15:30 arriva Babbo Natale per incontrare i bambini mentre per i grandi, durante tutto il periodo <\/strong>ci sono i tradizionali <strong>Mercatini, <\/strong>dove trovare idee per i regali e oggetti natalizi anche insoliti e dove respirare la magia delle feste.<\/p>\n","protected":false},"excerpt":{"rendered":"<p>Al centro commerciale Vialarga di Bologna mercatini, canti natalizi e appuntamento con la solidariet\u00e0<br \/>\nDomenica 18 dicembre concerto del Coro di San Michele in Bosco ANVGD per Telethon<\/p>\n","protected":false},"author":3395,"featured_media":0,"comment_status":"open","ping_status":"open","sticky":false,"template":"","format":"standard","meta":{"footnotes":""},"categories":[29],"tags":[],"class_list":["post-15276","post","type-post","status-publish","format-standard","hentry","category-comunicati"],"_links":{"self":[{"href":"https:\/\/www.area-press.eu\/comunicatistampa\/wp-json\/wp\/v2\/posts\/15276","targetHints":{"allow":["GET"]}}],"collection":[{"href":"https:\/\/www.area-press.eu\/comunicatistampa\/wp-json\/wp\/v2\/posts"}],"about":[{"href":"https:\/\/www.area-press.eu\/comunicatistampa\/wp-json\/wp\/v2\/types\/post"}],"author":[{"embeddable":true,"href":"https:\/\/www.area-press.eu\/comunicatistampa\/wp-json\/wp\/v2\/users\/3395"}],"replies":[{"embeddable":true,"href":"https:\/\/www.area-press.eu\/comunicatistampa\/wp-json\/wp\/v2\/comments?post=15276"}],"version-history":[{"count":1,"href":"https:\/\/www.area-press.eu\/comunicatistampa\/wp-json\/wp\/v2\/posts\/15276\/revisions"}],"predecessor-version":[{"id":15277,"href":"https:\/\/www.area-press.eu\/comunicatistampa\/wp-json\/wp\/v2\/posts\/15276\/revisions\/15277"}],"wp:attachment":[{"href":"https:\/\/www.area-press.eu\/comunicatistampa\/wp-json\/wp\/v2\/media?parent=15276"}],"wp:term":[{"taxonomy":"category","embeddable":true,"href":"https:\/\/www.area-press.eu\/comunicatistampa\/wp-json\/wp\/v2\/categories?post=15276"},{"taxonomy":"post_tag","embeddable":true,"href":"https:\/\/www.area-press.eu\/comunicatistampa\/wp-json\/wp\/v2\/tags?post=15276"}],"curies":[{"name":"wp","href":"https:\/\/api.w.org\/{rel}","templated":true}]}}