{"id":15260,"date":"2016-12-15T15:04:28","date_gmt":"2016-12-15T14:04:28","guid":{"rendered":"http:\/\/www.area-press.eu\/comunicatistampa\/?p=15260"},"modified":"2016-12-15T15:04:28","modified_gmt":"2016-12-15T14:04:28","slug":"aato2-marche-centro-ancona-in-4-anni-92-milioni-di-investimenti-per-il-servizio-idrico-nella-provincia-di-ancona","status":"publish","type":"post","link":"https:\/\/www.area-press.eu\/comunicatistampa\/2016\/12\/15\/aato2-marche-centro-ancona-in-4-anni-92-milioni-di-investimenti-per-il-servizio-idrico-nella-provincia-di-ancona\/","title":{"rendered":"Aato2 Marche Centro Ancona: In 4 anni 92 milioni di investimenti per il servizio idrico nella provincia di Ancona."},"content":{"rendered":"<p>Lo stato del Servizio Idrico presentato dal presidente Sagramola e dal direttore Cenerini ad Ancona<\/p>\n<p><!--more--><\/p>\n<p><span style=\"font-family: Times New Roman,serif\">JESI \u2013 \u201cIl servizio idrico in generale sta vivendo un momento positivo e oggi \u00e8, fra i servizi pubblici locali, quello che attrae di pi\u00f9 gli investitori grazie ad una stabilit\u00e0 sistemica garantita da un quadro normativo chiaro, miglior rating del settore, maggiore disponibilit\u00e0 da parte degli istituti di credito\u201d. Cos\u00ec <\/span><span style=\"color: #000000\"><span style=\"font-family: Times New Roman,serif\">Giancarlo Sagramola che ha assunto la carica di presidente dell&#8217;Aato 2 Marche Centro Ancona da pochi mesi, ha introdotto l&#8217;incontro per la presentazione dello stato del Servizio Idrico nella Provincia di Ancona. \u201cPrevisti anche<\/span><\/span><span style=\"font-family: Times New Roman,serif\"> investimenti per 92 milioni in 4 anni per il superamento della procedura di infrazione comunitaria in materia di acque reflue e per il miglioramento continuo della qualit\u00e0 dei servizi\u201d. Molte le sfide, quindi, che l&#8217;Aato 2 Marche Centro Ancona si pone per il periodo regolatorio 2016-2019 in un quadro complessivamente positivo della sua attivit\u00e0 <\/span><span style=\"font-family: Times New Roman,serif\">di governo del servizio idrico nei <\/span><span style=\"font-family: Times New Roman,serif\">43 comuni dell\u2019ambito territoriale. A leggere i dati contenuti nella relazione presentata dal direttore Massimiliano Cenerini,<\/span><span style=\"font-family: Times New Roman,serif\"> il servizio idrico integrato rappresenta un&#8217;ottima realt\u00e0: rispetto integrale della riforma, gestore unico, governance affidabile, ingenti investimenti programmati e gi\u00e0 finanziati, ottima qualit\u00e0 del servizio. <\/span><\/p>\n<p><span style=\"color: #000000\">\u201c<span style=\"font-family: Times New Roman,serif\">Il processo di riforma del servizio idrico integrato \u00e8 proseguito anche nel corso di questo anno\u201d \u2013 ha aggiunto Sagramola. \u201cNel corso del 2016 \u00e8 stata regolarmente svolta l\u2019attivit\u00e0 di implementazione a livello locale della regolazione dell\u2019AEEGSI, Autorit\u00e0 per l&#8217;Energia Elettrica, Gas, Servizio Idrico, prevalentemente centrata su problematiche tariffarie (aggiornamento dello schema regolatorio per il periodo 2016-2019), adeguamento della Carta del Servizio Idrico Integrato per quanto riguarda gli aspetti inerenti la Qualit\u00e0 contrattuale, adeguamento della Convenzione di gestione. Inoltre, i<\/span><\/span><span style=\"color: #000000\"><span style=\"font-family: Times New Roman,serif\">n applicazione della Legge Regionale n. 30\/2011, si \u00e8 insediata formalmente la Assemblea di Ambito territoriale Ottimale n. 2 \u201cMarche Centro &#8211; Ancona\u201d, che rappresenta il nuovo ente di governo del SII sul territorio di competenza. <\/span><\/span><\/p>\n<p><span style=\"font-family: Times New Roman,serif\">La situazione \u00e8 in costante evoluzione gi\u00e0 da oltre un decennio. Dal 2004 opera un unico gestore che \u00e8 stato individuato in Multiservizi, gestore <\/span><span style=\"font-family: Times New Roman,serif\"><i>in house<\/i><\/span><span style=\"font-family: Times New Roman,serif\">. <\/span><span style=\"font-family: Times New Roman,serif\">Nel 2016 \u00e8 stato aggiornato il Piano degli Interventi ed il Piano Economico Finanziario a seguito della individuazione del soggetto finanziatore del Piano.<\/span><span style=\"font-family: Times New Roman,serif\"> La qualit\u00e0 e la disponibilit\u00e0 della risorsa a disposizione degli utenti restano su buonissimi livelli\u201d. <\/span><\/p>\n<p><span style=\"font-family: Times New Roman,serif\">In rappresentanza della Regione Marche, il dirigente Vincenzo Marzialetti ha posto l&#8217;attenzione anche sul tema dell&#8217;AAto unica regionale, tra i temi sul tavolo del confronto istituzionale e sulla sospensione del Piano Acquedotti.<\/span><\/p>\n","protected":false},"excerpt":{"rendered":"<p>Lo stato del Servizio Idrico presentato dal presidente Sagramola e dal direttore Cenerini ad Ancona<\/p>\n","protected":false},"author":221,"featured_media":0,"comment_status":"open","ping_status":"open","sticky":false,"template":"","format":"standard","meta":{"footnotes":""},"categories":[4,29,8],"tags":[],"class_list":["post-15260","post","type-post","status-publish","format-standard","hentry","category-attualita-e-societa","category-comunicati","category-eventi"],"_links":{"self":[{"href":"https:\/\/www.area-press.eu\/comunicatistampa\/wp-json\/wp\/v2\/posts\/15260","targetHints":{"allow":["GET"]}}],"collection":[{"href":"https:\/\/www.area-press.eu\/comunicatistampa\/wp-json\/wp\/v2\/posts"}],"about":[{"href":"https:\/\/www.area-press.eu\/comunicatistampa\/wp-json\/wp\/v2\/types\/post"}],"author":[{"embeddable":true,"href":"https:\/\/www.area-press.eu\/comunicatistampa\/wp-json\/wp\/v2\/users\/221"}],"replies":[{"embeddable":true,"href":"https:\/\/www.area-press.eu\/comunicatistampa\/wp-json\/wp\/v2\/comments?post=15260"}],"version-history":[{"count":1,"href":"https:\/\/www.area-press.eu\/comunicatistampa\/wp-json\/wp\/v2\/posts\/15260\/revisions"}],"predecessor-version":[{"id":15261,"href":"https:\/\/www.area-press.eu\/comunicatistampa\/wp-json\/wp\/v2\/posts\/15260\/revisions\/15261"}],"wp:attachment":[{"href":"https:\/\/www.area-press.eu\/comunicatistampa\/wp-json\/wp\/v2\/media?parent=15260"}],"wp:term":[{"taxonomy":"category","embeddable":true,"href":"https:\/\/www.area-press.eu\/comunicatistampa\/wp-json\/wp\/v2\/categories?post=15260"},{"taxonomy":"post_tag","embeddable":true,"href":"https:\/\/www.area-press.eu\/comunicatistampa\/wp-json\/wp\/v2\/tags?post=15260"}],"curies":[{"name":"wp","href":"https:\/\/api.w.org\/{rel}","templated":true}]}}